{"id":9698,"date":"2019-01-05T23:36:35","date_gmt":"2019-01-05T22:36:35","guid":{"rendered":"http:\/\/www.prospereando.es\/?p=9698"},"modified":"2019-01-06T23:13:22","modified_gmt":"2019-01-06T22:13:22","slug":"in-memoriam","status":"publish","type":"post","link":"https:\/\/www.prospereando.es\/index.php\/2019\/01\/05\/in-memoriam\/","title":{"rendered":"In Memoriam"},"content":{"rendered":"\n<p> <\/p>\n\n\n\n<p>\nPor\nGloria Cavanna<\/p>\n\n\n\n<figure class=\"wp-block-image\"><img loading=\"lazy\" decoding=\"async\" width=\"500\" height=\"375\" src=\"http:\/\/www.prospereando.es\/wp-content\/uploads\/2019\/01\/marialuisa1.jpg\" alt=\"\" class=\"wp-image-9703\" srcset=\"https:\/\/www.prospereando.es\/wp-content\/uploads\/2019\/01\/marialuisa1.jpg 500w, https:\/\/www.prospereando.es\/wp-content\/uploads\/2019\/01\/marialuisa1-300x225.jpg 300w\" sizes=\"auto, (max-width: 500px) 100vw, 500px\" \/><\/figure>\n\n\n\n<p>M\u00aa Luisa Su\u00e1rez Rold\u00e1n, alumna de Machado, primera abogada laboralista&nbsp; en Espa\u00f1a, falleci\u00f3 ayer, 4 de enero de 2019 a los 98 a\u00f1os de edad.<\/p>\n\n\n\n<p>L\u00facida hasta el final,\u00a0con la \u00a0dignidad que mantuvo\u00a0 durante\u00a0 toda su vida, y su compromiso para que los dem\u00e1s la tuvieran, en todas las circunstancias. Todo ello con su gran elegancia y delicadeza.\u00a0La lucha por\u00a0\u00a0la justicia\u00a0fue el m\u00f3vil de su actividad, y se podr\u00eda decir de su vida.\u00a0No desperdiciaba ocasi\u00f3n, ni en los peque\u00f1os detalles personales, especialmente con su hija Taqui, con las personas de su familia cercana y de las cuidadoras\u00a0que en los\u00a0 dos \u00faltimos a\u00f1os la atendieron.  <\/p>\n\n\n\n<p>Su lema fue Justicia, que buscaba libertad, equidad que sobrepasaba las fronteras.<\/p>\n\n\n\n<p>Todo le interesaba.\u00a0Mantuvo el contacto con el Colegio de Abogados, con la Fundaci\u00f3n de Abogados de Atocha, con el  Sindicato de CCOO y con el PC.\u00a0Celebraba cualquier logro y sobre todo cualquier lucha.<\/p>\n\n\n\n<p>Mientras\npudo trabajar, formar, dar charlas,&nbsp;&nbsp;lo hizo, pero tambi\u00e9n\nescribi\u00f3 para este peque\u00f1o peri\u00f3dico de la Asociaci\u00f3n de Vecinos\nValle-Incl\u00e1n, a la que apoy\u00f3 desde su&nbsp; comienzo.&nbsp;\nDispuesta siempre a compartir y a animar para que nos implic\u00e1ramos\npor una vida mejor para todos.<\/p>\n\n\n\n<p>Finalmente ya descansa en paz, con la vida cumplida.  <\/p>\n\n\n\n<p>S\u00f3lo nos queda decir, gracias M\u00aa Luisa por tu vida, gracias por tus aportaciones, gracias por tu amistad. Que tu testimonio nos acompa\u00f1e siempre y que seamos capaces de trasmitirlo a los dem\u00e1s.<\/p>\n","protected":false},"excerpt":{"rendered":"<p>M\u00aa Luisa Su\u00e1rez Rold\u00e1n, alumna de Machado, primera abogada laboralista\u00a0 en Espa\u00f1a, falleci\u00f3 ayer, 4 de enero de 2019 a los 98 a\u00f1os de edad.<\/p>\n","protected":false},"author":1,"featured_media":9712,"comment_status":"open","ping_status":"open","sticky":false,"template":"","format":"standard","meta":{"footnotes":""},"categories":[14],"tags":[],"class_list":["post-9698","post","type-post","status-publish","format-standard","has-post-thumbnail","hentry","category-ciudadania"],"_links":{"self":[{"href":"https:\/\/www.prospereando.es\/index.php\/wp-json\/wp\/v2\/posts\/9698","targetHints":{"allow":["GET"]}}],"collection":[{"href":"https:\/\/www.prospereando.es\/index.php\/wp-json\/wp\/v2\/posts"}],"about":[{"href":"https:\/\/www.prospereando.es\/index.php\/wp-json\/wp\/v2\/types\/post"}],"author":[{"embeddable":true,"href":"https:\/\/www.prospereando.es\/index.php\/wp-json\/wp\/v2\/users\/1"}],"replies":[{"embeddable":true,"href":"https:\/\/www.prospereando.es\/index.php\/wp-json\/wp\/v2\/comments?post=9698"}],"version-history":[{"count":7,"href":"https:\/\/www.prospereando.es\/index.php\/wp-json\/wp\/v2\/posts\/9698\/revisions"}],"predecessor-version":[{"id":9715,"href":"https:\/\/www.prospereando.es\/index.php\/wp-json\/wp\/v2\/posts\/9698\/revisions\/9715"}],"wp:featuredmedia":[{"embeddable":true,"href":"https:\/\/www.prospereando.es\/index.php\/wp-json\/wp\/v2\/media\/9712"}],"wp:attachment":[{"href":"https:\/\/www.prospereando.es\/index.php\/wp-json\/wp\/v2\/media?parent=9698"}],"wp:term":[{"taxonomy":"category","embeddable":true,"href":"https:\/\/www.prospereando.es\/index.php\/wp-json\/wp\/v2\/categories?post=9698"},{"taxonomy":"post_tag","embeddable":true,"href":"https:\/\/www.prospereando.es\/index.php\/wp-json\/wp\/v2\/tags?post=9698"}],"curies":[{"name":"wp","href":"https:\/\/api.w.org\/{rel}","templated":true}]}}