{"id":9413,"date":"2018-11-30T20:16:06","date_gmt":"2018-11-30T19:16:06","guid":{"rendered":"http:\/\/www.prospereando.es\/?p=9413"},"modified":"2018-11-30T23:13:33","modified_gmt":"2018-11-30T22:13:33","slug":"la-biblioteca-presenta-brunete-de-juan-barcelo","status":"publish","type":"post","link":"https:\/\/www.prospereando.es\/index.php\/2018\/11\/30\/la-biblioteca-presenta-brunete-de-juan-barcelo\/","title":{"rendered":"La Biblioteca presenta: BRUNETE. de Juan Barcel\u00f3"},"content":{"rendered":"<p align=\"justify\"><img loading=\"lazy\" decoding=\"async\" class=\"alignnone  wp-image-9420\" src=\"http:\/\/www.prospereando.es\/wp-content\/uploads\/2018\/11\/brunete1-300x254.jpg\" alt=\"\" width=\"497\" height=\"421\" srcset=\"https:\/\/www.prospereando.es\/wp-content\/uploads\/2018\/11\/brunete1-300x254.jpg 300w, https:\/\/www.prospereando.es\/wp-content\/uploads\/2018\/11\/brunete1.jpg 600w\" sizes=\"auto, (max-width: 497px) 100vw, 497px\" \/><\/p>\n<p align=\"justify\">El jueves 22 de noviembre de 2018, se present\u00f3 en la Asociaci\u00f3n de Vecinos Valle Incl\u00e1n, el nuevo libro del autor Juan Barcel\u00f3: BRUNETE.<\/p>\n<p align=\"justify\">Con esta presentaci\u00f3n inauguramos un nuevo ciclo que titulamos, \u201cLa Biblioteca presenta\u201d, con la intenci\u00f3n de dar a conocer cada mes un autor y su obra, que consistir\u00e1, en su \u00faltimo t\u00edtulo editado.<\/p>\n<p align=\"justify\">Juan Barcel\u00f3, vecino de Prosperidad durante mucho tiempo, de profesi\u00f3n periodista, historiador, editor, y librero , entre otros muchos trabajos realizados, es autor de varios libros, especialista en la Historia del siglo XVIII, el \u201csiglo de las luces\u201d, y promotor de varias acciones de recuperaci\u00f3n de la Memoria Hist\u00f3rica. En este caso, nos presenta un episodio de la guerra civil espa\u00f1ola.<\/p>\n<p align=\"justify\">Y a modo de prefacio del libro, y muy sintetizado, diremos que:<\/p>\n<p align=\"justify\">El 17 de julio de 1936, a las 17 horas, comenz\u00f3 un golpe de estado contra la II Rep\u00fablica Espa\u00f1ola, en el norte de \u00c1frica. Las primeras ciudades, Ceuta y Melilla fueron tomadas militarmente por el ej\u00e9rcito franquista, y a partir de ah\u00ed se promovi\u00f3 una rebeli\u00f3n en todos los cuarteles de la pen\u00ednsula. El norte al mando del General Mola, y el sur por el ej\u00e9rcito de \u00c1frica, al mando del General Franco.<\/p>\n<p align=\"justify\">El golpe aunque pill\u00f3 por sorpresa a la Rep\u00fablica, no fu\u00e9 lo suficiente r\u00e1pido como para tomar el poder. As\u00ed en Barcelona y Madrid, se movilizaron las milicias procedentes de los dos sindicatos mayoritarios, UGT (socialista) y CNT (anarcosindicalista) y se impidi\u00f3 el triunfo de los rebeldes. Lo mismo ocurri\u00f3 en Valencia y M\u00e1laga.<\/p>\n<p align=\"justify\">Y as\u00ed dio comienzo la guerra civil. En s\u00edntesis, el ej\u00e9rcito de Franco cruz\u00f3 el estrecho con ayuda de fuerzas armadas de Hitler y Mussolini, y a trav\u00e9s de la ruta de la plata se desplaz\u00f3, tras grandes carnicer\u00edas, por ejemplo en Badajoz, hacia Madrid.<\/p>\n<p align=\"justify\">En Sevilla la resistencia fu\u00e9 escasa y el triunfo de Queipo de Llano no se hizo esperar. Es este General el que da la orden de asesinar a Garc\u00eda Lorca, como nota informativa adicional.<\/p>\n<p align=\"justify\">El ej\u00e9rcito rebelde tambi\u00e9n es ayudado en la Pen\u00ednsula por fuerzas de Portugal.<\/p>\n<p align=\"justify\">A todo esto la Rep\u00fablica tiene que formar militarmente a un grupo de hombres para resistir el embate del enemigo. En primer lugar recibe la ayuda de las Brigadas Internacionales, grupos de hombres de todas las naciones que se presentan voluntariamente a luchar contra el fascismo. No cabe duda de su heroismo, pues dieron su vida por la Rep\u00fablica Espa\u00f1ola a miles. Muchos de ellos gozaban de instrucci\u00f3n militar ya que hab\u00edan combatido en la primera Guerra Mundial, pero otros eran totalmente novatos, lo que dificultaba la acci\u00f3n militar.<\/p>\n<p align=\"justify\">Tambi\u00e9n la Rep\u00fablica recibi\u00f3 ayuda sovi\u00e9tica, en armas, tanques, aviones, asesores y traductores, como contrapartida del oro que fue depositado en Mosc\u00fa. Pero esta ayuda no pod\u00eda equipararse con la que recibi\u00f3 Franco de Mussolini y sobre todo de Hitler.<\/p>\n<p align=\"justify\">Y ahora a t\u00edtulo de recuerdo, enumer\u00f3 las principales batallas en las que particip\u00f3 la Rep\u00fablica ante el ej\u00e9rcito fascista, con diferentes resultados:<\/p>\n<p align=\"justify\">Jarama, d\u00f3nde los brigadistas internacionales resistieron heroicamente y consiguieron retener el frente de combate. La intenci\u00f3n rebelde era alcanzar la carretera de Valencia y dejar Madrid aislado, sin salida.<\/p>\n<p align=\"justify\">Guadalajara, d\u00f3nde se venci\u00f3 rotundamente a los italianos de Mussolini.<\/p>\n<p align=\"justify\">Y luego las batallas de Brunete, Belchite, Teruel, y el Ebro entre las principales, d\u00f3nde la Rep\u00fablica perdi\u00f3 terreno, lo que motiv\u00f3 a la larga la p\u00e9rdida de la guerra.<\/p>\n<p align=\"justify\">De la constituci\u00f3n del Ej\u00e9rcito Popular y de la batalla de Brunete es de lo que nos ilustr\u00f3 en su charla el autor Juan Barcel\u00f3. Con una exposici\u00f3n clara y concisa nos explic\u00f3 la forma en que se hab\u00eda confeccionado el libro, sobre todo a partir de los archivos del General Rojo, general republicano, que conserv\u00f3 todos los documentos en el exilio, y gracias a ellos se pudo recomponer d\u00eda a d\u00eda, los pasos de estas acciones.<\/p>\n<p align=\"justify\">Despu\u00e9s de esta exposici\u00f3n, se pas\u00f3 a un di\u00e1logo muy fecundo, d\u00f3nde el autor intent\u00f3 por todos los medios explicar que hay que leer la Historia, sin fijarnos en los detalles que separaron a los diferentes partidos que intervinieron, sino contemplando lo que los un\u00eda, la defensa de la Rep\u00fablica ante el fascismo golpista. Si esta idea se hubiera llevado a cabo hasta el fin es posible que los resultados hubieran sido otros.<\/p>\n<p align=\"justify\">Creo que fu\u00e9 un acto bello y original, que debemos de mirar como un ejemplo de lo que deber\u00edamos seguir en nuestras presentaciones, y que vayan acompa\u00f1ados del apoyo de nuestros socios y de las gentes del barrio, y en general, de Madrid, en apoyo de la cultura y de la literatura.<\/p>\n","protected":false},"excerpt":{"rendered":"<p>El jueves 22 de noviembre de 2018, se present\u00f3 en la Asociaci\u00f3n de Vecinos Valle Incl\u00e1n, el nuevo libro del autor Juan Barcel\u00f3: BRUNETE.<\/p>\n","protected":false},"author":1,"featured_media":9421,"comment_status":"open","ping_status":"open","sticky":false,"template":"","format":"standard","meta":{"footnotes":""},"categories":[29,6],"tags":[],"class_list":["post-9413","post","type-post","status-publish","format-standard","has-post-thumbnail","hentry","category-cuentame","category-sociedad","sent_by-antonio-cruz-gonzalez"],"_links":{"self":[{"href":"https:\/\/www.prospereando.es\/index.php\/wp-json\/wp\/v2\/posts\/9413","targetHints":{"allow":["GET"]}}],"collection":[{"href":"https:\/\/www.prospereando.es\/index.php\/wp-json\/wp\/v2\/posts"}],"about":[{"href":"https:\/\/www.prospereando.es\/index.php\/wp-json\/wp\/v2\/types\/post"}],"author":[{"embeddable":true,"href":"https:\/\/www.prospereando.es\/index.php\/wp-json\/wp\/v2\/users\/1"}],"replies":[{"embeddable":true,"href":"https:\/\/www.prospereando.es\/index.php\/wp-json\/wp\/v2\/comments?post=9413"}],"version-history":[{"count":3,"href":"https:\/\/www.prospereando.es\/index.php\/wp-json\/wp\/v2\/posts\/9413\/revisions"}],"predecessor-version":[{"id":9422,"href":"https:\/\/www.prospereando.es\/index.php\/wp-json\/wp\/v2\/posts\/9413\/revisions\/9422"}],"wp:featuredmedia":[{"embeddable":true,"href":"https:\/\/www.prospereando.es\/index.php\/wp-json\/wp\/v2\/media\/9421"}],"wp:attachment":[{"href":"https:\/\/www.prospereando.es\/index.php\/wp-json\/wp\/v2\/media?parent=9413"}],"wp:term":[{"taxonomy":"category","embeddable":true,"href":"https:\/\/www.prospereando.es\/index.php\/wp-json\/wp\/v2\/categories?post=9413"},{"taxonomy":"post_tag","embeddable":true,"href":"https:\/\/www.prospereando.es\/index.php\/wp-json\/wp\/v2\/tags?post=9413"}],"curies":[{"name":"wp","href":"https:\/\/api.w.org\/{rel}","templated":true}]}}