{"id":9380,"date":"2018-11-26T23:10:07","date_gmt":"2018-11-26T22:10:07","guid":{"rendered":"http:\/\/www.prospereando.es\/?p=9380"},"modified":"2018-11-27T22:59:19","modified_gmt":"2018-11-27T21:59:19","slug":"niveles-de-bienestar","status":"publish","type":"post","link":"https:\/\/www.prospereando.es\/index.php\/2018\/11\/26\/niveles-de-bienestar\/","title":{"rendered":"Niveles de bienestar"},"content":{"rendered":"<p align=\"justify\"><img loading=\"lazy\" decoding=\"async\" class=\"alignnone  wp-image-9395\" src=\"http:\/\/www.prospereando.es\/wp-content\/uploads\/2018\/11\/bienestar1-300x262.jpg\" alt=\"\" width=\"505\" height=\"441\" srcset=\"https:\/\/www.prospereando.es\/wp-content\/uploads\/2018\/11\/bienestar1-300x262.jpg 300w, https:\/\/www.prospereando.es\/wp-content\/uploads\/2018\/11\/bienestar1.jpg 599w\" sizes=\"auto, (max-width: 505px) 100vw, 505px\" \/><\/p>\n<p align=\"justify\">Se ha instalado entre nosotros una cierta cultura del malestar: de la desaz\u00f3n, de la crispaci\u00f3n, del debate pol\u00e9mico y agresivo, de la descalificaci\u00f3n sistem\u00e1tica. Los insultos se anteponen a los argumentos, las exageraciones a los contenidos. Existe un malestar global que se parcela en diversos aspectos y dimensiones: el malestar material, ambiental, burocr\u00e1tico, pol\u00edtico y social, psicol\u00f3gico\u2026 Un malestar en sus diversas formas que nos estropea la vida.<\/p>\n<p align=\"justify\">Pero ese malestar \u2013o malestares- tienen tambi\u00e9n sus contrapuntos y correctivos: las distintas expresiones del bienestar, que se atienen a un esquema parecido al anterior pero de color inverso.. El bienestar material, sea f\u00edsico o psicol\u00f3gico, que se refiere a la salud y al medio ambiente, al equilibrio psicol\u00f3gico de las personas. El bienestar que pueden generar la creencia religiosa o la coherencia moral. El bienestar interior que sostiene la armon\u00eda de la vida, que es una sucesi\u00f3n ininterrumpida de presencias y de ausencias, de sobresaltos y de est\u00edmulos. El bienestar que se deriva de conjugar activamente los versos capitales de una trayectoria personal: ser, estar, hacer, tener, amar, hablar, escuchar, so\u00f1ar&#8230; La ternura puede ser otra c\u00e1lida referencia que nos aporta consistencia, frescura y sosiego.<\/p>\n<p align=\"justify\">Dif\u00edcil asignatura es la que podr\u00edamos llamar <em>cultura del bienestar<\/em>. Dif\u00edcil en su teor\u00eda pero sobre todo en la pr\u00e1ctica. Porque una experiencia del bienestar la hemos tenido todos, en sus distintos niveles y expresiones: bienestar material, cultural, espiritual, est\u00e9tico\u2026 O un bienestar global que es el distintivo de los momentos de plenitud.<\/p>\n<p align=\"justify\">La mayor\u00eda de la poblaci\u00f3n del mundo no ha tenido nunca esa experiencia del bienestar, ni siquiera en sus niveles m\u00e1s elementales. Las estad\u00edsticas sociales y las im\u00e1genes de los medios de comunicaci\u00f3n bastan para percatarnos de ello. Much\u00edsimas personas de esa mayor\u00eda no ha visto nunca el mar ni ha le\u00eddo un libro, pero s\u00ed en cambio conocen la soledad y el abandono, aunque tambi\u00e9n la luz del amanecer, la fragancia del campo y la m\u00fasica de la naturaleza, el sabor de la cercan\u00eda y el sonido de la risa.<\/p>\n<p align=\"justify\">Nos espera a todos la tarea personal y colectiva de cultivar un bienestar que nos dignifique la vida, un bienestar generoso y solidario.<\/p>\n","protected":false},"excerpt":{"rendered":"<p>Se ha instalado entre nosotros una cierta cultura del malestar: de la desaz\u00f3n, de la crispaci\u00f3n, del debate pol\u00e9mico y agresivo, de la descalificaci\u00f3n sistem\u00e1tica. <\/p>\n","protected":false},"author":1,"featured_media":9396,"comment_status":"open","ping_status":"open","sticky":false,"template":"","format":"standard","meta":{"footnotes":""},"categories":[18],"tags":[],"class_list":["post-9380","post","type-post","status-publish","format-standard","has-post-thumbnail","hentry","category-cultura","sent_by-santiago-s-torrado"],"_links":{"self":[{"href":"https:\/\/www.prospereando.es\/index.php\/wp-json\/wp\/v2\/posts\/9380","targetHints":{"allow":["GET"]}}],"collection":[{"href":"https:\/\/www.prospereando.es\/index.php\/wp-json\/wp\/v2\/posts"}],"about":[{"href":"https:\/\/www.prospereando.es\/index.php\/wp-json\/wp\/v2\/types\/post"}],"author":[{"embeddable":true,"href":"https:\/\/www.prospereando.es\/index.php\/wp-json\/wp\/v2\/users\/1"}],"replies":[{"embeddable":true,"href":"https:\/\/www.prospereando.es\/index.php\/wp-json\/wp\/v2\/comments?post=9380"}],"version-history":[{"count":3,"href":"https:\/\/www.prospereando.es\/index.php\/wp-json\/wp\/v2\/posts\/9380\/revisions"}],"predecessor-version":[{"id":9397,"href":"https:\/\/www.prospereando.es\/index.php\/wp-json\/wp\/v2\/posts\/9380\/revisions\/9397"}],"wp:featuredmedia":[{"embeddable":true,"href":"https:\/\/www.prospereando.es\/index.php\/wp-json\/wp\/v2\/media\/9396"}],"wp:attachment":[{"href":"https:\/\/www.prospereando.es\/index.php\/wp-json\/wp\/v2\/media?parent=9380"}],"wp:term":[{"taxonomy":"category","embeddable":true,"href":"https:\/\/www.prospereando.es\/index.php\/wp-json\/wp\/v2\/categories?post=9380"},{"taxonomy":"post_tag","embeddable":true,"href":"https:\/\/www.prospereando.es\/index.php\/wp-json\/wp\/v2\/tags?post=9380"}],"curies":[{"name":"wp","href":"https:\/\/api.w.org\/{rel}","templated":true}]}}