{"id":907,"date":"2011-12-29T17:56:20","date_gmt":"2011-12-29T17:56:20","guid":{"rendered":"http:\/\/www.prospereando.es\/?p=907"},"modified":"2011-12-29T17:56:21","modified_gmt":"2011-12-29T17:56:21","slug":"tenemos-alcaldesa-nueva","status":"publish","type":"post","link":"https:\/\/www.prospereando.es\/index.php\/2011\/12\/29\/tenemos-alcaldesa-nueva\/","title":{"rendered":"Tenemos alcaldesa nueva"},"content":{"rendered":"<p>Desde el d\u00eda 27, Madrid tiene nueva alcaldesa. Es la primera vez en la historia que la capital tiene una mujer al frente del Consistorio y, como todo el mundo sabe, ha sido Ana Botella quien tiene este privilegio.<\/p>\n<p>Varias voces se han alzado para criticar el, a su juicio, d\u00e9ficit de legitimidad democr\u00e1tica, por el hecho de aparecer en segundo lugar en las listas del Partido Popular y no haberse sometido directamente al escrutinio de las urnas. Pero no es ese el principal problema que presenta la nueva primera regidora, ya que ha ido en la lista m\u00e1s votada por los madrile\u00f1os y ha sido su partido el que ha decidido su situaci\u00f3n.<\/p>\n<p>El hecho es que Alberto Ruiz Gallard\u00f3n, asegur\u00f3 por activa y por pasiva que su m\u00e1xima ilusi\u00f3n era ser alcalde y que sus aspiraciones estaban m\u00e1s que colmadas con dicho puesto. \u00c9l fingi\u00f3 ser sincero y los madrile\u00f1os fingieron creerle, porque sus aspiraciones a figurar en el Gobierno de la Naci\u00f3n eran m\u00e1s que sabidas. De forma que dadas como estaban las cosas nadie deb\u00eda ignorar que la salida de Gallard\u00f3n comportar\u00eda el ascenso de Ana Botella a la alcald\u00eda. De manera que menos vestiduras rasgadas y m\u00e1s analizar otros aspectos mucho m\u00e1s esenciales.<\/p>\n<p>En primer lugar est\u00e1 la propia esencia del sistema electoral. Listas cerradas y bloqueadas. Circunscripci\u00f3n \u00fanica. Es decir, nula participaci\u00f3n del ciudadano en la decisi\u00f3n de quien y donde va en esas listas y en cuanto a los militantes de los partidos, ya se sabe que \u201cel que se mueve no sale en la foto\u201d y que en todos nuestros partidos de esencia bolchevique, el que manda es el aparato y en \u00faltima instancia el secretario general. As\u00ed que lo que hay que criticar con energ\u00eda y rechazar, es este sistema que no concede al ciudadano m\u00e1s que una m\u00ednima capacidad de decisi\u00f3n sobre quien ha de ser elegido. Ir en primer, segundo o decimonoveno lugar, es algo que se dirime fuera de nuestro alcance y eso es lo que habr\u00eda que cambiar prioritariamente.<\/p>\n<p>En segundo lugar habr\u00eda que preguntarse \u00bfporqu\u00e9 est\u00e1 ah\u00ed Ana Botella y que representa?. Esta mujer, que pertenece al cuerpo de t\u00e9cnicos de Informaci\u00f3n y Turismo, entr\u00f3 en el a\u00f1o 2003 como concejal del Ayuntamiento (responsable de Empleo y Servicios a la Ciudadan\u00eda) y segundo teniente de Alcalde. Obvio es decir que en aquel momento Jos\u00e9 Mar\u00eda Aznar era presidente del gobierno y estaba en el apogeo de su poder. El momento en que las alas m\u00e1s a la derecha del Partido Popular estaban decididas a extender su poder a todas las \u00e1reas posibles y uno de los lugares donde un cierto aroma centrista pod\u00eda detectarse era el Ayuntamiento madrile\u00f1o, bien conocido por sus enfrentamientos con la \u201cliberal\u201d Esperanza Aguirre. De forma que Ana Botella lleg\u00f3 al Ayuntamiento por decirlo suavemente \u201cen paraca\u00eddas\u201d hasta el sill\u00f3n e ingres\u00f3 en el comit\u00e9 de direcci\u00f3n popular de Madrid. Y en ambos lugares jam\u00e1s ha ocultado su cercan\u00eda tanto al Opus Dei, como fundamentalmente a los Legionarios de Cristo Rey, una de las organizaciones m\u00e1s integristas del \u00e1mbito cat\u00f3lico. De manera que Ana Botella es sin duda una excepcional representante del ala m\u00e1s derechista de este Partido Popular que hoy quiere presentarse como integrador y centrista.<\/p>\n<p>Y en \u00faltimo lugar lo m\u00e1s preocupante es la actitud personal, pol\u00edtica e intelectual de nuestra ya alcaldesa. Est\u00e1n las hemerotecas llenas de \u201cperas y manzanas\u201d, de estaciones de medici\u00f3n de la poluci\u00f3n trasladadas a parques y jardines para maquillar sus datos, de ingeniosas salidas del tipo \u201cm\u00e1s ahoga el paro de Zapatero\u201d, de utilizaci\u00f3n privada de medios p\u00fablicos (como utilizar coche oficial y escolta para acudir a la peluquer\u00eda) y de confusi\u00f3n entre lo p\u00fablico y lo privado (es dif\u00edcil olvidar el aquelarre de la boda de El Escorial). <\/p>\n<p>Nuestra alcaldesa hereda un Ayuntamiento brutalmente endeudado por el fara\u00f3nico derroche de emes treintas y palacios de Correos remodelados, derroche de la que es absolutamente corresponsable. Y como no pod\u00eda ser menos nos anuncia austeridad y recortes (las subidas de impuestos ya llegaron antes en forma de IBI o basuras y es posible que contin\u00faen). M\u00e1s nos valdr\u00eda a los madrile\u00f1os que se lo hubieran pensado antes y una buena parte de ese dinero, adem\u00e1s de no \u201cgastar lo que no se tiene\u201d \u2013mantra favorito de la actual direcci\u00f3n popular- lo hubieran dedicado a dotar a los barrios de mejores servicios o a mejorar los servicios sociales y no a ensanchar las aceras de Serrano y aleda\u00f1os. <\/p>\n<p>Pero esto es lo que hay. Los madrile\u00f1os han votado lo que han votado y esta es la actual alcaldesa, pero ni pol\u00edtica, ni intelectual, ni personalmente, parece estar Ana Botella a la altura del cargo para el que ha sido cooptada. \u00a1Ojal\u00e1 nos equivoquemos!.<\/p>\n","protected":false},"excerpt":{"rendered":"<p>Desde el d\u00eda 27, Madrid tiene nueva alcaldesa. Es la primera vez en la historia que la capital tiene una mujer al frente del Consistorio y, como todo el mundo sabe, ha sido Ana Botella quien tiene este privilegio.<\/p>\n","protected":false},"author":1,"featured_media":0,"comment_status":"closed","ping_status":"open","sticky":false,"template":"","format":"standard","meta":{"footnotes":""},"categories":[22],"tags":[],"class_list":["post-907","post","type-post","status-publish","format-standard","hentry","category-editorial"],"_links":{"self":[{"href":"https:\/\/www.prospereando.es\/index.php\/wp-json\/wp\/v2\/posts\/907","targetHints":{"allow":["GET"]}}],"collection":[{"href":"https:\/\/www.prospereando.es\/index.php\/wp-json\/wp\/v2\/posts"}],"about":[{"href":"https:\/\/www.prospereando.es\/index.php\/wp-json\/wp\/v2\/types\/post"}],"author":[{"embeddable":true,"href":"https:\/\/www.prospereando.es\/index.php\/wp-json\/wp\/v2\/users\/1"}],"replies":[{"embeddable":true,"href":"https:\/\/www.prospereando.es\/index.php\/wp-json\/wp\/v2\/comments?post=907"}],"version-history":[{"count":0,"href":"https:\/\/www.prospereando.es\/index.php\/wp-json\/wp\/v2\/posts\/907\/revisions"}],"wp:attachment":[{"href":"https:\/\/www.prospereando.es\/index.php\/wp-json\/wp\/v2\/media?parent=907"}],"wp:term":[{"taxonomy":"category","embeddable":true,"href":"https:\/\/www.prospereando.es\/index.php\/wp-json\/wp\/v2\/categories?post=907"},{"taxonomy":"post_tag","embeddable":true,"href":"https:\/\/www.prospereando.es\/index.php\/wp-json\/wp\/v2\/tags?post=907"}],"curies":[{"name":"wp","href":"https:\/\/api.w.org\/{rel}","templated":true}]}}