{"id":8622,"date":"2018-06-07T23:34:49","date_gmt":"2018-06-07T21:34:49","guid":{"rendered":"http:\/\/www.prospereando.es\/?p=8622"},"modified":"2018-06-24T22:57:07","modified_gmt":"2018-06-24T20:57:07","slug":"visita-la-barrio-de-chueca","status":"publish","type":"post","link":"https:\/\/www.prospereando.es\/index.php\/2018\/06\/07\/visita-la-barrio-de-chueca\/","title":{"rendered":"Visita al barrio de Chueca"},"content":{"rendered":"<p align=\"justify\"><img loading=\"lazy\" decoding=\"async\" class=\"alignnone size-full wp-image-8624\" src=\"http:\/\/www.prospereando.es\/wp-content\/uploads\/2018\/06\/chuecavisita1.jpg\" alt=\"\" width=\"600\" height=\"800\" srcset=\"https:\/\/www.prospereando.es\/wp-content\/uploads\/2018\/06\/chuecavisita1.jpg 600w, https:\/\/www.prospereando.es\/wp-content\/uploads\/2018\/06\/chuecavisita1-225x300.jpg 225w\" sizes=\"auto, (max-width: 600px) 100vw, 600px\" \/>El pasado jueves 24 de abril nuestros paseos por Madrid nos llevaron al barrio de Chueca. Nos reunimos en la puerta del Museo de Historia de Madrid que ocupa el edificio del\u00a0Real Hospicio de San Fernando construido en estilo barroco en \u00e9poca de Felipe V por el arquitecto\u00a0Pedro de Ribera y acoge la historia de Madrid desde que fue declarada capital de<br \/>\nEspa\u00f1a en el siglo XVI.<\/p>\n<p align=\"justify\">En esta ocasi\u00f3n no entramos dentro, pero contemplamos despacio su fachada principal considerada como una de las obras m\u00e1s representativas del barroco civil espa\u00f1ol. Siguiendo las amenas explicaciones de nuestro gu\u00eda, Carlos, fuimos disfrutando de sus elementos decorativos, su disposici\u00f3n en dos cuerpos como un retablo y lleno de movimiento que dirige la atenci\u00f3n hacia la hornacina que alberga la escultura de San Fernando en la toma de la ciudad de Sevilla y hacia la escena de la coronaci\u00f3n de la Virgen<\/p>\n<p align=\"justify\">Observamos tambi\u00e9n la imponente fachada del edificio del Tribunal de Cuentas de estilo neogriego, construido en la segunda mitad del siglo XIX \u00a0con la policrom\u00eda, sello de su arquitecto Francisco Jare\u00f1o y Alarc\u00f3n.<\/p>\n<p align=\"justify\">Adentr\u00e1ndonos en Malasa\u00f1a llegamos a la Plaza de San Idelfonso llamada as\u00ed porque en ella se encuentra la iglesia del mismo nombre, destruida por un incendio hacia 1830 y reconstruida posteriormente, aunque en la guerra sirvi\u00f3 de almac\u00e9n de patatas. \u00a0En la plaza disfrutamos la vista de alg\u00fan edificio con encanto de \u201carquitectura dom\u00e9stica\u201d como una casa que nos recuerda a la de \u201c13 r\u00fae del Percebe\u201d.<\/p>\n<p align=\"justify\">Volvemos a Fuencarral entre el ruido y el ajetreo fren\u00e9tico de operarios reconstruyendo pisos, remozando fachadas, encementando suelos\u2026 \u00a0Por la calle Col\u00f3n pasamos por delante de bodeguillas tradicionales y acogedoras como La Ardosa, Casa Baranda\u2026 y no asomamos a la peluquer\u00eda Urbano, la m\u00e1s antigua en activo de todo Madrid.<\/p>\n<p align=\"justify\">De nuevo en Fuencarral, entre edificios modernos y tiendas de firma encontramos haciendo esquina con Augusto Figueroa la Capilla de Nuestra Se\u00f1ora de la Soledad, m\u00e1s conocida como el Antiguo Humilladero de la calle Fuencarral. Al parecer en el siglo XVIII Madrid estaba salpicado de oratorios llamados humilladeros porque los fieles se inclinaban y humillaban al pasar por el lugar. En la zona hay muchas calles de nombres de santos debido, seg\u00fan nos explica Carlos, a que en cada una hab\u00eda hornacinas con su santo correspondiente. De hecho la calle de Augusto Figueroa antes se llamaba del Arco de santa Mar\u00eda. El arco era la entrada a las caballerizas del marqu\u00e9s de Torrecilla. M\u00e1s tarde se quit\u00f3 la cuadra y se hizo el Humilladero en 1712 desde hace dos a\u00f1os est\u00e1 abierto por Mensajeros de la Paz. Dentro contemplamos una talla interesante de un cristo crucificado de tama\u00f1o natural del siglo XVI.<\/p>\n<p align=\"justify\"><img loading=\"lazy\" decoding=\"async\" class=\"alignnone size-full wp-image-8627\" src=\"http:\/\/www.prospereando.es\/wp-content\/uploads\/2018\/06\/Chueca1.jpg\" alt=\"\" width=\"577\" height=\"464\" srcset=\"https:\/\/www.prospereando.es\/wp-content\/uploads\/2018\/06\/Chueca1.jpg 577w, https:\/\/www.prospereando.es\/wp-content\/uploads\/2018\/06\/Chueca1-300x241.jpg 300w\" sizes=\"auto, (max-width: 577px) 100vw, 577px\" \/>Llegamos a la esquina de la calle Infantas que sale de <a href=\"https:\/\/es.wikipedia.org\/wiki\/Calle_de_Fuencarral\"><u>Fuencarral<\/u><\/a>\u00a0paralela a la\u00a0<a href=\"https:\/\/es.wikipedia.org\/wiki\/Gran_V%C3%ADa\"><u>Gran V\u00eda<\/u><\/a> y la seguimos hasta \u00a0la plaza que ahora lleva el nombre de Pedro Zerolo, sustituyendo al de V\u00e1zquez de Mella puesto tras la guerra. Carlos nos cuenta que, desde 1639 hasta la desamortizaci\u00f3n de Mendizabal, se encontraba un convento llamado de la Paciencia de Cristo de frailes Capuchinos. Deb\u00eda su nombre a un l\u00f3brego incidente ocurrido en 1630. En ese a\u00f1o, la\u00a0<a href=\"https:\/\/es.wikipedia.org\/wiki\/Inquisici%C3%B3n_espa%C3%B1ola\"><u>Inquisici\u00f3n<\/u><\/a>\u00a0recibi\u00f3 una denuncia sobre una familia de jud\u00edos portugueses que hab\u00eda llegado a Madrid, se hab\u00eda establecido en la zona y hab\u00eda abierto una\u00a0<a href=\"https:\/\/es.wikipedia.org\/wiki\/Mercer%C3%ADa\"><u>mercer\u00eda<\/u><\/a>. Fueron acusados de reunirse en la mercer\u00eda con otros correligionarios para celebrar la llamada \u00abfiesta de los azotes\u00bb, en la que insultaban y maltrataban la imagen de Cristo. Un ni\u00f1o de la familia le cont\u00f3 todo a su maestro y \u00e9ste lo denunci\u00f3, as\u00ed que fueron mutilados y quemados en la hoguera en la Plaza Mayor de Madrid. Luego tiraron las casas \u201csupuestamente endemoniadas\u201d, quemaron el terreno y en su lugar construyeron el convento de los capuchinos de la Paciencia. Al parecer en la segunda etapa de su vida Felipe IV pas\u00f3 de asaltar conventos a edificarlos \u00a0por todo Madrid.<\/p>\n<p align=\"justify\"><img loading=\"lazy\" decoding=\"async\" class=\"alignnone size-full wp-image-8628\" src=\"http:\/\/www.prospereando.es\/wp-content\/uploads\/2018\/06\/CalleInfantas.jpg\" alt=\"\" width=\"220\" height=\"218\" srcset=\"https:\/\/www.prospereando.es\/wp-content\/uploads\/2018\/06\/CalleInfantas.jpg 220w, https:\/\/www.prospereando.es\/wp-content\/uploads\/2018\/06\/CalleInfantas-150x150.jpg 150w\" sizes=\"auto, (max-width: 220px) 100vw, 220px\" \/><\/p>\n<p align=\"justify\">Las \u00a0infantas, en la placa de azulejos<\/p>\n<p align=\"justify\">Subimos hasta la plaza de Chueca, en el coraz\u00f3n del barrio. All\u00ed recordamos c\u00f3mo en los a\u00f1os 60 y 70 daba miedo salir del metro por el ambiente de yonquis y la degradaci\u00f3n de las viviendas. El movimiento gay le ha dado vida y ahora el barrio, lleno de terrazas, banderas arco\u00edris, tiendas con encanto y edificios que da gusto mirar est\u00e1 quedando precioso.<\/p>\n<p align=\"justify\">Llegamos a la calle G\u00f3ngora. All\u00ed nos hace reparar Carlos en la c\u00fapula de la iglesia del Monasterio de la Pur\u00edsima Concepci\u00f3n, de la orden de la Merced fundado tambi\u00e9n por Felipe IV. Fue edificado en el siglo XVII y conocido como el de Las G\u00f3ngoras. Por fuera presenta el aspecto sencillo del barroco madrile\u00f1o, pero por dentro la iglesia, que no se puede visitar salvo que se concierte o se acuda en horario de misas, merece la pena. La calle se llama Luis de G\u00f3ngora por error de alg\u00fan regidor ya que el sobrenombre de las G\u00f3ngoras no se debe al del poeta sino a un caballero muy influyente de la \u00e9poca que fue nombrado patrono del convento en representaci\u00f3n del rey llamado Don Juan Felipe Jim\u00e9nez de G\u00f3ngora,<\/p>\n<p align=\"justify\">Atravesando San Lucas, al inicio de la Traves\u00eda de Bel\u00e9n, ponemos la sabrosa guinda a la visita. Vemos una iglesia que se llama \u201cCachito de Cielo\u201d. Se trata de una capilla neog\u00f3tica regentada por las misioneras del Sant\u00edsimo Sacramento. Nada en el exterior del edificio \u00a0hace pensar que dentro haya una capilla.. Por dentro es muy bonita y, como indica su nombre parece un \u00abcachito de cielo\u201d dentro del ajetreo de Chueca con sus b\u00f3vedas y paredes de blanco impoluto salpicado de azul cielo, Se trata de un espacio de\u00a0<strong>Adoraci\u00f3n Perpetua, lo que significa que siempre est\u00e1 abierta<\/strong>, de d\u00eda y de noche, con gente venerando al sant\u00edsimo.<\/p>\n","protected":false},"excerpt":{"rendered":"<p>El pasado jueves 24 de abril nuestros paseos por Madrid nos llevaron al barrio de Chueca. Nos reunimos en la puerta del Museo de Historia de Madrid que ocupa el edificio del\u00a0Real Hospicio de San Fernando construido en estilo barroco en \u00e9poca de Felipe V por el arquitecto\u00a0Pedro de Ribera y acoge la historia de Madrid desde que fue declarada capital de Espa\u00f1a en el siglo XVI. En esta ocasi\u00f3n no entramos dentro, pero contemplamos despacio su fachada principal considerada como una de las obras m\u00e1s representativas del barroco civil &hellip; <\/p>\n","protected":false},"author":1,"featured_media":8626,"comment_status":"open","ping_status":"open","sticky":false,"template":"","format":"standard","meta":{"footnotes":""},"categories":[8],"tags":[],"class_list":["post-8622","post","type-post","status-publish","format-standard","has-post-thumbnail","hentry","category-lugares-emblematicos","sent_by-teresa-lopez-lopez"],"_links":{"self":[{"href":"https:\/\/www.prospereando.es\/index.php\/wp-json\/wp\/v2\/posts\/8622","targetHints":{"allow":["GET"]}}],"collection":[{"href":"https:\/\/www.prospereando.es\/index.php\/wp-json\/wp\/v2\/posts"}],"about":[{"href":"https:\/\/www.prospereando.es\/index.php\/wp-json\/wp\/v2\/types\/post"}],"author":[{"embeddable":true,"href":"https:\/\/www.prospereando.es\/index.php\/wp-json\/wp\/v2\/users\/1"}],"replies":[{"embeddable":true,"href":"https:\/\/www.prospereando.es\/index.php\/wp-json\/wp\/v2\/comments?post=8622"}],"version-history":[{"count":4,"href":"https:\/\/www.prospereando.es\/index.php\/wp-json\/wp\/v2\/posts\/8622\/revisions"}],"predecessor-version":[{"id":8689,"href":"https:\/\/www.prospereando.es\/index.php\/wp-json\/wp\/v2\/posts\/8622\/revisions\/8689"}],"wp:featuredmedia":[{"embeddable":true,"href":"https:\/\/www.prospereando.es\/index.php\/wp-json\/wp\/v2\/media\/8626"}],"wp:attachment":[{"href":"https:\/\/www.prospereando.es\/index.php\/wp-json\/wp\/v2\/media?parent=8622"}],"wp:term":[{"taxonomy":"category","embeddable":true,"href":"https:\/\/www.prospereando.es\/index.php\/wp-json\/wp\/v2\/categories?post=8622"},{"taxonomy":"post_tag","embeddable":true,"href":"https:\/\/www.prospereando.es\/index.php\/wp-json\/wp\/v2\/tags?post=8622"}],"curies":[{"name":"wp","href":"https:\/\/api.w.org\/{rel}","templated":true}]}}