{"id":8620,"date":"2018-06-07T23:20:40","date_gmt":"2018-06-07T21:20:40","guid":{"rendered":"http:\/\/www.prospereando.es\/?p=8620"},"modified":"2018-06-07T23:20:40","modified_gmt":"2018-06-07T21:20:40","slug":"la-jodida-intensidad-de-vivir-de-esteban-beltran","status":"publish","type":"post","link":"https:\/\/www.prospereando.es\/index.php\/2018\/06\/07\/la-jodida-intensidad-de-vivir-de-esteban-beltran\/","title":{"rendered":"La jodida intensidad de vivir de Esteban Beltr\u00e1n"},"content":{"rendered":"<p>El pasado 30 de mayo, recibimos en la Asociaci\u00f3n a dos vecinos del barrio de Prosperidad que todav\u00eda no hab\u00edan asistido a nuestros eventos:<\/p>\n<p>Angel Luis Pinilla Olivar gerente de la librer\u00eda Aquarela, aunque a m\u00ed particularmente me gusta llamarle Librero.<\/p>\n<p>Y Esteban Beltr\u00e1n Verdes, director de Amnist\u00eda Internacional de Espa\u00f1a, profesor, escritor de numerosos art\u00edculos y libros sobre los derechos humanos, y en este caso tambi\u00e9n Poeta.<\/p>\n<p>Esteban Beltr\u00e1n, cuyos libros y ensayos versan en otras ocasiones sobre los Derechos Humanos y los temas sociales de perseguidos por esta sociedad, cuya injusticia de guerras, hambre, precariedad, enfermedades&#8230;, se ceba en todos, pero especialmente en aquellos menos favorecidos de la tierra, por segunda vez escribe un libro de poemas, descubri\u00e9ndonos los dramas m\u00e1s \u00edntimos de su esp\u00edritu.<\/p>\n<p>Este es un libro muy valiente. Esteban, hombre p\u00fablico, conocido de mucha gente, activista, luchador, deja sus armas de lucha militante, y nos descubre su pensamiento y su forma \u00edntima de ver la vida.<\/p>\n<p>Digo que es valiente, porque en este pa\u00eds, cuando alguien es p\u00fablico, debe tener mucho cuidado con mostrar sus secretos m\u00e1s \u00edntimos, ya que pertenecemos a un pueblo \u00e1vido en devorar los despojos de los personajes conocidos. Sin embargo, a Esteban, no le importa hablarnos de sus amores y desamores, de la vida y la muerte, de la esperanza, del olvido y del recuerdo, de las l\u00e1grimas y alegr\u00edas que nos da el trascurrir por esta vida.<\/p>\n<p>De citarnos a sus amantes, sus amigos, su hija, y de lo que ha ido marcando su existencia.<\/p>\n<p>Nos dice en el libro, que simplemente \u201c<b>escribe para recordar que una vez mereci\u00f3 la esperanza de creer contra toda experiencia<\/b>\u201d<\/p>\n<p>De su amor Polonia, nos dice: <b>\u00bfComo fabricarme r\u00e1pido un olvido del tama\u00f1o de esta ausencia?<\/b><\/p>\n<p><b>Quiz\u00e1 vivir no es m\u00e1s que un curso avanzado de escepticismo.<\/b><\/p>\n<p><b>\u00bfQu\u00e9 es la jodida intensidad de vivir?<\/b>, que da t\u00edtulo al libro, Esteban nos dice que <b>es el relato de una locura<\/b>.<\/p>\n<p>.<b>..porque lleva tiempo matar todo aquello que am\u00e9 y que me am\u00f3, y acarrea rencor.<\/b><\/p>\n<p>.<b>..y crees entonces&#8230;que viviste algo irrepetible y que ese tiempo que no fue regresar\u00e1 un d\u00eda, pero no te enga\u00f1es, no hay vuelta atr\u00e1s, todo lo deforma el empuje de la nostalgia, queda perseverar hacia los \u00fanicos espacios sin riesgo: la indiferencia y, quiz\u00e1, la ternura.<\/b><\/p>\n<p>Y tambi\u00e9n me gustaron los poemas dedicados a M. su otro amor, cuando en su incineraci\u00f3n nos dice:<\/p>\n<p>\u201c<b>Porque hoy terminaron de quemarse las caricias, pero no el recuerdo de ser acariciado\u201d<\/b><\/p>\n<p>Y para terminar estos poemas escogidos por mi, aqu\u00e9l que dice:<\/p>\n<p>\u201c<b>He vivido el tiempo necesario para comprender que cada instante es irrepetible\u201d<\/b><\/p>\n<p>Como peque\u00f1o resumen del libro, dir\u00e9: que Esteban, me record\u00f3 a Neruda, cuando este dice:<\/p>\n<p>\u201cEs tan corto el amor y es tan largo el olvido, porque en noches como \u00e9sta la tuve entre mis brazos, mi alma no se contenta con haberla perdido\u201d.<\/p>\n<p>Tambi\u00e9n me record\u00f3 a Lorca en el Poeta en Nueva York, y es que sus poemas, no son los poemas de una sola persona, son universales, son los pensamientos de todos nosotros, pero claro El poeta, poeta como \u00e9l, es el que sabe escribirlos.<\/p>\n<p>Bienvenidos y enhorabuena, por un libro que depositaremos con mucho orgullo en nuestra peque\u00f1a biblioteca.<\/p>\n<p>Una vez hecha esta peque\u00f1a introducci\u00f3n, amenizada con un video en el que nos muestra la opini\u00f3n de varias personas sobre su libro, Angel Pinilla hace un resumen y mediante una intervenci\u00f3n en la que dialoga con el autor y le pregunta sobre la diferente estructura del libro, pasan a leernos una serie de poemas, en los que de forma voluntaria interviene tambi\u00e9n el p\u00fablico asistente.<\/p>\n","protected":false},"excerpt":{"rendered":"<p>El pasado 30 de mayo, recibimos en la Asociaci\u00f3n a dos vecinos del barrio de Prosperidad que todav\u00eda no hab\u00edan asistido a nuestros eventos:<\/p>\n","protected":false},"author":1,"featured_media":0,"comment_status":"open","ping_status":"open","sticky":false,"template":"","format":"standard","meta":{"footnotes":""},"categories":[18],"tags":[],"class_list":["post-8620","post","type-post","status-publish","format-standard","hentry","category-cultura","sent_by-antonio-cruz-gonzalez"],"_links":{"self":[{"href":"https:\/\/www.prospereando.es\/index.php\/wp-json\/wp\/v2\/posts\/8620","targetHints":{"allow":["GET"]}}],"collection":[{"href":"https:\/\/www.prospereando.es\/index.php\/wp-json\/wp\/v2\/posts"}],"about":[{"href":"https:\/\/www.prospereando.es\/index.php\/wp-json\/wp\/v2\/types\/post"}],"author":[{"embeddable":true,"href":"https:\/\/www.prospereando.es\/index.php\/wp-json\/wp\/v2\/users\/1"}],"replies":[{"embeddable":true,"href":"https:\/\/www.prospereando.es\/index.php\/wp-json\/wp\/v2\/comments?post=8620"}],"version-history":[{"count":1,"href":"https:\/\/www.prospereando.es\/index.php\/wp-json\/wp\/v2\/posts\/8620\/revisions"}],"predecessor-version":[{"id":8621,"href":"https:\/\/www.prospereando.es\/index.php\/wp-json\/wp\/v2\/posts\/8620\/revisions\/8621"}],"wp:attachment":[{"href":"https:\/\/www.prospereando.es\/index.php\/wp-json\/wp\/v2\/media?parent=8620"}],"wp:term":[{"taxonomy":"category","embeddable":true,"href":"https:\/\/www.prospereando.es\/index.php\/wp-json\/wp\/v2\/categories?post=8620"},{"taxonomy":"post_tag","embeddable":true,"href":"https:\/\/www.prospereando.es\/index.php\/wp-json\/wp\/v2\/tags?post=8620"}],"curies":[{"name":"wp","href":"https:\/\/api.w.org\/{rel}","templated":true}]}}