{"id":8504,"date":"2018-05-09T23:08:31","date_gmt":"2018-05-09T21:08:31","guid":{"rendered":"http:\/\/www.prospereando.es\/?p=8504"},"modified":"2018-05-09T23:27:49","modified_gmt":"2018-05-09T21:27:49","slug":"el-ruido-agresion-violencia-y-comportamiento-antidemocratico","status":"publish","type":"post","link":"https:\/\/www.prospereando.es\/index.php\/2018\/05\/09\/el-ruido-agresion-violencia-y-comportamiento-antidemocratico\/","title":{"rendered":"El ruido: agresi\u00f3n, violencia y comportamiento antidemocr\u00e1tico"},"content":{"rendered":"<p align=\"right\"><img loading=\"lazy\" decoding=\"async\" class=\"alignnone size-full wp-image-8509\" src=\"http:\/\/www.prospereando.es\/wp-content\/uploads\/2018\/05\/ruido1.jpg\" alt=\"\" width=\"600\" height=\"365\" srcset=\"https:\/\/www.prospereando.es\/wp-content\/uploads\/2018\/05\/ruido1.jpg 600w, https:\/\/www.prospereando.es\/wp-content\/uploads\/2018\/05\/ruido1-300x183.jpg 300w\" sizes=\"auto, (max-width: 600px) 100vw, 600px\" \/>Debo confesar que ante ciertos rostros no nuevos, ante ciertas viejas mentiras, ciertas figuras en busca de respetabilidad, ciertas indulgencias, ciertas complicidades, la tentaci\u00f3n de odiar nace en m\u00ed, y hasta con alguna violencia; pero yo no soy un fascista, creo en la raz\u00f3n y en la discusi\u00f3n como supremos instrumentos de progreso, y por ello antepongo la justicia al odio.<br \/>\n<em>PRIMO LEVI<\/em><\/p>\n<p align=\"justify\">Para mi sorpresa y alegr\u00eda, el domingo 22 de abril, el diario <em>El Pa\u00eds<\/em> public\u00f3 en la secci\u00f3n de cartas al director una nota de 200 palabras -que es el m\u00e1ximo publicable en dicha secci\u00f3n- sobre el ruido aniquilante, ello adem\u00e1s con una celeridad inaudita, ya que hab\u00eda sido enviada unos pocos d\u00edas antes.<\/p>\n<p align=\"justify\">Aqu\u00ed va el enlace para quien quiera leerla:<br \/>\n<a href=\"https:\/\/elpais.com\/elpais\/2018\/04\/21\/opinion\/1524324278_321088.html\">elpais.com\/elpais\/2018\/04\/21\/opinion<\/a><\/p>\n<p align=\"justify\">No voy a repetirme sobre lo que en breve ah\u00ed explico, es m\u00e1s voy a explayarme y argumentar lo m\u00e1s posible, pues creo que la pronta publicaci\u00f3n de la carta se debe a que existe una gran sensibilizaci\u00f3n ciudadana contra el ruido monstruoso que nos invade.<\/p>\n<p align=\"justify\">Madrid, despu\u00e9s de Tokio, parece ser la ciudad m\u00e1s ruidosa del mundo. Pong\u00e1mosle remedio a tama\u00f1a desmesura, pero antes analicemos las circunstancias.<\/p>\n<p align=\"justify\">Principalmente, distingo tres factores desencadenantes de esta plaga.<\/p>\n<ol>\n<li>&#8211; La falta de educaci\u00f3n y sensibilidad hacia nuestros convecinos, hacia nuestros conciudadanos, en suma la falta de conciencia ciudadana, donde todos y todas somos iguales en derechos y deberes; estos son los principios m\u00e1s b\u00e1sicos de la construcci\u00f3n del estado democr\u00e1tico a partir de las revoluciones burguesas del siglo XIX. Estos principios b\u00e1sicos de convivencia se aprenden en la primer\u00edsima infancia, -guarder\u00edas, escuelas infantiles, primaria\u2026- y sin duda en la familia.<\/li>\n<li>&#8211; La falta de leyes y\/o normativas contra el ruido, o en su defecto, una aplicaci\u00f3n laxa de las mismas.<\/li>\n<li>&#8211; Predicar con el ejemplo o c\u00f3mo dar ejemplo de convivencia ciudadana respetuosa. Es imperioso aplicar normas de evitaci\u00f3n de ruido en la vida urbana cotidiana. Desde los autobuses urbanos -existen buses que no hacen ruido- tanto de transporte de personas como de transporte de residuos (\u00e9stos especialmente que adem\u00e1s despliegan sus \u201csinfon\u00edas\u201d por la noche y de madrugada), pasando por la directa prohibici\u00f3n de veh\u00edculos no s\u00f3lo contaminantes en humos si no tambi\u00e9n en decibelios, adem\u00e1s de las famosas terrazas, los bares y restaurantes y \u00a1c\u00f3mo no! las normas de convivencia en vecindad de las viviendas en r\u00e9gimen de propiedad horizontal o individuales.<\/li>\n<\/ol>\n<p align=\"justify\">En un Estado de Derecho, que me parece es el nuestro, solamente se regula la convivencia pac\u00edfica con Educaci\u00f3n, pero tambi\u00e9n con Normas y Leyes; el incumplimiento de estas normas o leyes deber\u00eda acarrear sanciones muy potentes.<\/p>\n<p align=\"justify\">Y a riesgo de repetirme voy a incidir un poco en esto de la Educaci\u00f3n, con may\u00fasculas.<\/p>\n<p align=\"justify\">El volumen vocal de la ciudadan\u00eda, cuantificable en decibelios, tanto en espacios p\u00fablicos \u2013caminando por la calle &#8211; como dom\u00e9sticos \u2013 es un efecto inmediato de la des-educaci\u00f3n ciudadana que nos invade. Hablar \u201ca voces\u201d es irrumpir en la intimidad del \u201cotro\u201d, es invadir el sacrosanto espacio privado; esta asignatura est\u00e1 m\u00e1s que suspendida en todo el territorio espa\u00f1ol y se va a necesitar mucha escuela infantil y por tanto alguna que otra generaci\u00f3n para aprobarla, aunque sea con nota rasa.<\/p>\n<p align=\"justify\">Esta falta de respeto hacia \u201cel otro\u201d tambi\u00e9n se manifiesta en la conducci\u00f3n ciudadana donde los cl\u00e1xones se utilizan sin ton ni son -a pesar de la prohibici\u00f3n expresa del c\u00f3digo de circulaci\u00f3n- y a menudo como mamporros hacia los pobres y sufridores viandantes.<\/p>\n<p align=\"justify\">Profundizando en la falta de democracia tenemos el comportamiento ciudadano en las viviendas privadas: quitarse los zapatos y caminar sin hacer ruido, no chillar, ni gritar ni hablar a voces, no exceder el volumen de los aparatos de difusi\u00f3n sonora (TV, reproductores de voz y sonido, etc\u2026)\u2026y as\u00ed sucesivamente, por lo que supone una intromisi\u00f3n en la intimidad del \u201cotro\u201d, intolerable en democracia.<\/p>\n<p align=\"justify\">Todo esto debe ser un principio de convivencia b\u00e1sico, aprendido y respetado.<\/p>\n<p align=\"justify\"><em><strong>POSIBLES REGULACIONES<\/strong><\/em><\/p>\n<p align=\"justify\">Una de las principales causas de problemas de convivencia a causa del ruido est\u00e1 siendo la incontrolada, por no decir \u201cfuera de la ley\u201d, alquiler de viviendas tur\u00edsticas. Este enlace habla de estas regulaciones:<\/p>\n<p><a href=\"https:\/\/www.eldiario.es\/economia\/Airbnb-Bruselas-iniciativas-minimizar-actividad_0_767823696.html\">www.eldiario.es\/economia\/Airbnb-Bruselas-iniciativas-minimizar-actividad<\/a><\/p>\n<p>A modo de ejemplo:<\/p>\n<p align=\"justify\">Madrid ha limitado a 90 d\u00edas al a\u00f1o el alquiler vacacional de una vivienda; Palma de Mallorca directamente lo ha prohibido, Barcelona\u2026por ah\u00ed anda. Seg\u00fan el art\u00edculo de El diario.es, arriba citado, Par\u00eds ha limitado la posibilidad de alquilar a trav\u00e9s de <em>AirBnB<\/em> a 120 d\u00edas anuales y se ha establecido un registro obligatorio, por cierto impugnado por dicha plataforma; \u00a0\u00c1msterdam\u00a0estableci\u00f3\u00a0\u00a0la limitaci\u00f3n de 60 d\u00edas como plazo m\u00e1ximo que se pueda alquilar una vivienda particular y todos los propietarios deben estar registrados; Berl\u00edn\u00a0probablemente ha ejercido la mayor oposici\u00f3n, y lleg\u00f3 a prohibir otorgar nuevos permisos para el alojamiento tur\u00edstico, una decisi\u00f3n avalada por los tribunales. Seg\u00fan sus c\u00e1lculos, las distintas normas de control que han ido aprobando han logrado \u00abdevolver\u00bb al alquiler residencial 8.000 viviendas.<\/p>\n<p align=\"justify\">\u00c9sta es la punta del iceberg de un descontrol ciudadano acerca del ruido, pues aunque en algunas comunidades de propietarios y\/o inquilinos \u2013tanto da- est\u00e1 expresamente prohibido hacer fiestas y jolgorios, no existe todav\u00eda una normativa b\u00e1sica de respeto a la convivencia, donde de manera clara se regule el derecho al descanso y a la intimidad de los habitantes de la Comunidad en cuesti\u00f3n, pues es un <strong>Derecho<\/strong>.<\/p>\n<p><em><strong>EN POSITIVO<\/strong><\/em><\/p>\n<p align=\"justify\">Sin embargo, nuestras leyes no son tan malas, al final he rese\u00f1ado algunas normativas de \u00e1mbito estatal y municipal: s\u00f3lo hay que cumplirlas.<\/p>\n<p align=\"justify\">En Europa, la Ciudadan\u00eda aprende esto en la primera escuela\u2026.y ya no lo olvidan.<\/p>\n<p align=\"justify\">Somos millones conviviendo, no nos queda m\u00e1s remedio que aprender Tolerancia, Respeto, y Convivencia silenciosa que permita Vivir, Trabajar, Pensar y So\u00f1ar.<\/p>\n<p align=\"justify\">Para ello, adem\u00e1s de cumplir las Leyes hay que sancionar su incumplimiento y si es necesario habr\u00e1 que adaptarlas a las nuevas circunstancias: para ello tenemos a nuestros representantes pol\u00edticos, tanto en los Ayuntamientos como en los gobiernos auton\u00f3micos y naturalmente en central.<\/p>\n<p align=\"justify\">He aqu\u00ed algunas normativas y contactos de inter\u00e9s:<\/p>\n<p><a href=\"http:\/\/www.abogadosruidos.com\/blog\/civil-normativa-ley-ruidos.php\">www.abogadosruidos.com\/blog\/civil-normativa-ley-ruidos<\/a><\/p>\n<p><a href=\"http:\/\/www.madrid.org\/bdccm\/normativa\/PDF\/Ruidos%20y%20vibraciones\/Compilacion\/CPRUID.pdf\">www.madrid.org\/bdccm\/normativa\/PDF\/Ruidos y vibraciones\/Compilacion\/CPRUID.pdf<\/a><br \/>\n( actualizado en 2004)<\/p>\n<p><a href=\"https:\/\/www.boe.es\/buscar\/act.php?id=BOE-A-2003-20976\">www.boe.es\/buscar\/act.php?id=BOE-A-2003-20976<\/a><br \/>\n(normativa de edificios contra el ruido)<\/p>\n<p><a href=\"http:\/\/juristas-ruidos.org\/normativas.html\">juristas-ruidos.org\/normativas<\/a><\/p>\n","protected":false},"excerpt":{"rendered":"<p>Para mi sorpresa y alegr\u00eda, el domingo 22 de abril, el diario El Pa\u00eds public\u00f3 en la secci\u00f3n de cartas al director una nota de 200 palabras -que es el m\u00e1ximo publicable en dicha secci\u00f3n- sobre el ruido aniquilante, ello adem\u00e1s con una celeridad inaudita, ya que hab\u00eda sido enviada unos pocos d\u00edas antes.<\/p>\n","protected":false},"author":1,"featured_media":8510,"comment_status":"open","ping_status":"open","sticky":false,"template":"","format":"standard","meta":{"footnotes":""},"categories":[14],"tags":[],"class_list":["post-8504","post","type-post","status-publish","format-standard","has-post-thumbnail","hentry","category-ciudadania","sent_by-marisa-manchado-torres"],"_links":{"self":[{"href":"https:\/\/www.prospereando.es\/index.php\/wp-json\/wp\/v2\/posts\/8504","targetHints":{"allow":["GET"]}}],"collection":[{"href":"https:\/\/www.prospereando.es\/index.php\/wp-json\/wp\/v2\/posts"}],"about":[{"href":"https:\/\/www.prospereando.es\/index.php\/wp-json\/wp\/v2\/types\/post"}],"author":[{"embeddable":true,"href":"https:\/\/www.prospereando.es\/index.php\/wp-json\/wp\/v2\/users\/1"}],"replies":[{"embeddable":true,"href":"https:\/\/www.prospereando.es\/index.php\/wp-json\/wp\/v2\/comments?post=8504"}],"version-history":[{"count":6,"href":"https:\/\/www.prospereando.es\/index.php\/wp-json\/wp\/v2\/posts\/8504\/revisions"}],"predecessor-version":[{"id":8512,"href":"https:\/\/www.prospereando.es\/index.php\/wp-json\/wp\/v2\/posts\/8504\/revisions\/8512"}],"wp:featuredmedia":[{"embeddable":true,"href":"https:\/\/www.prospereando.es\/index.php\/wp-json\/wp\/v2\/media\/8510"}],"wp:attachment":[{"href":"https:\/\/www.prospereando.es\/index.php\/wp-json\/wp\/v2\/media?parent=8504"}],"wp:term":[{"taxonomy":"category","embeddable":true,"href":"https:\/\/www.prospereando.es\/index.php\/wp-json\/wp\/v2\/categories?post=8504"},{"taxonomy":"post_tag","embeddable":true,"href":"https:\/\/www.prospereando.es\/index.php\/wp-json\/wp\/v2\/tags?post=8504"}],"curies":[{"name":"wp","href":"https:\/\/api.w.org\/{rel}","templated":true}]}}