{"id":8484,"date":"2018-05-07T22:53:26","date_gmt":"2018-05-07T20:53:26","guid":{"rendered":"http:\/\/www.prospereando.es\/?p=8484"},"modified":"2018-05-07T22:58:05","modified_gmt":"2018-05-07T20:58:05","slug":"primero-de-mayo-violeta","status":"publish","type":"post","link":"https:\/\/www.prospereando.es\/index.php\/2018\/05\/07\/primero-de-mayo-violeta\/","title":{"rendered":"Primero de mayo violeta"},"content":{"rendered":"<p align=\"justify\"><img loading=\"lazy\" decoding=\"async\" class=\"alignnone size-full wp-image-8487\" src=\"http:\/\/www.prospereando.es\/wp-content\/uploads\/2018\/05\/mayovioleta1.jpg\" alt=\"\" width=\"600\" height=\"849\" srcset=\"https:\/\/www.prospereando.es\/wp-content\/uploads\/2018\/05\/mayovioleta1.jpg 600w, https:\/\/www.prospereando.es\/wp-content\/uploads\/2018\/05\/mayovioleta1-212x300.jpg 212w\" sizes=\"auto, (max-width: 600px) 100vw, 600px\" \/>La fiesta del primero de mayo ha estado este a\u00f1o, 2018, te\u00f1ida del color violeta.<\/p>\n<p align=\"justify\">En Madrid, la manifestaci\u00f3n mayoritaria convocada or CC.OO. y UGT, ha transcurrido desde la Plaza de Neptuno hasta la Puerta del Sol, bajo el lema: Tiempo de Igualdad: mejor empleo; mayores salarios y pensiones dignas.<\/p>\n<p align=\"justify\">Hab\u00eda una gran concurrencia de ciudadano@s, entre los que destacaban multitud de banderas moradas y rojas, con los anagramas de los sindicatos, mensajes en carteles y pancartas referidos a reivindicaciones laborales y de igualdad entre hombres y mujeres; tambi\u00e9n a los conflictos de la actualidad, tanto locales como de otros pa\u00edses, que atraviesan situaciones de represi\u00f3n, como el Sahara y Palestina.<\/p>\n<p align=\"justify\">As\u00ed se pod\u00eda leer: \u201cpor el cumplimiento del convenio, las mercanc\u00edas de Madrid\u201d ,\u201c unidos por un transporte digno\u201d, \u201cel empleo en Gaza es del 60% y la tasa de pobreza es del 70% por bloqueo inhumano israel\u00ed\u201d. Esto precedido por una batucada de mujeres que formaban una marea lila \u201ctodo por ganar, j\u00f3venes sin miedo y sin resignaci\u00f3n\u201d, \u201cla Zarzuela es p\u00fablica\u201d, rodeada esta pancarta por trabajadores del Teatro de la Zarzuela que exig\u00edan que un bien p\u00fablico cultural no sea privatizado, diciendo \u201cla cultura en la calle no se calla\u201d, \u201crecortar es matar\u201d.<\/p>\n<p align=\"justify\">Durante el recorrido se coreaban eslog\u00e1nes relativos a temas centrales referidos al empleo precario, igualdad de la mujer y a la repercusi\u00f3n que ha tenido el 8 de marzo en la sociedad, incidiendo en la emergencia de la mujer como sujeto prioritario y visible del cambio.<\/p>\n<p align=\"justify\">Al finalizar, ya en la Puerta del Sol, tuvieron lugar intervenciones de mujeres sindicalistas y de los secretarios generales de CCOO y UGT, que disertaron a favor de la libertad de expresi\u00f3n y fortalecimiento de la democracia y de la importancia de recuperar el papel de los sindicatos para favorecer la negociaci\u00f3n colectiva de los convenios. Tambi\u00e9n exigieron equidad y pensiones dignas sin las cuales, dijeron, no puede haber paz social.<\/p>\n<p align=\"justify\">En el escenario, donde dominaba el color violeta, hab\u00eda un cartel que rezaba: VIVAS, LIBRES, UNIDAS.<\/p>\n<p align=\"justify\">El broche que cerr\u00f3 el acto fue el canto de la Internacional.<\/p>\n","protected":false},"excerpt":{"rendered":"<p>La fiesta del primero de mayo ha estado este a\u00f1o, 2018,  te\u00f1ida del color violeta.<\/p>\n","protected":false},"author":1,"featured_media":8488,"comment_status":"open","ping_status":"open","sticky":false,"template":"","format":"standard","meta":{"footnotes":""},"categories":[14],"tags":[],"class_list":["post-8484","post","type-post","status-publish","format-standard","has-post-thumbnail","hentry","category-ciudadania","sent_by-gloria-cavanna","sent_by-maribel-rodriguez-gorostiza"],"_links":{"self":[{"href":"https:\/\/www.prospereando.es\/index.php\/wp-json\/wp\/v2\/posts\/8484","targetHints":{"allow":["GET"]}}],"collection":[{"href":"https:\/\/www.prospereando.es\/index.php\/wp-json\/wp\/v2\/posts"}],"about":[{"href":"https:\/\/www.prospereando.es\/index.php\/wp-json\/wp\/v2\/types\/post"}],"author":[{"embeddable":true,"href":"https:\/\/www.prospereando.es\/index.php\/wp-json\/wp\/v2\/users\/1"}],"replies":[{"embeddable":true,"href":"https:\/\/www.prospereando.es\/index.php\/wp-json\/wp\/v2\/comments?post=8484"}],"version-history":[{"count":3,"href":"https:\/\/www.prospereando.es\/index.php\/wp-json\/wp\/v2\/posts\/8484\/revisions"}],"predecessor-version":[{"id":8489,"href":"https:\/\/www.prospereando.es\/index.php\/wp-json\/wp\/v2\/posts\/8484\/revisions\/8489"}],"wp:featuredmedia":[{"embeddable":true,"href":"https:\/\/www.prospereando.es\/index.php\/wp-json\/wp\/v2\/media\/8488"}],"wp:attachment":[{"href":"https:\/\/www.prospereando.es\/index.php\/wp-json\/wp\/v2\/media?parent=8484"}],"wp:term":[{"taxonomy":"category","embeddable":true,"href":"https:\/\/www.prospereando.es\/index.php\/wp-json\/wp\/v2\/categories?post=8484"},{"taxonomy":"post_tag","embeddable":true,"href":"https:\/\/www.prospereando.es\/index.php\/wp-json\/wp\/v2\/tags?post=8484"}],"curies":[{"name":"wp","href":"https:\/\/api.w.org\/{rel}","templated":true}]}}