{"id":8119,"date":"2018-01-27T00:13:03","date_gmt":"2018-01-26T23:13:03","guid":{"rendered":"http:\/\/www.prospereando.es\/?p=8119"},"modified":"2018-01-27T00:43:40","modified_gmt":"2018-01-26T23:43:40","slug":"mirar-la-vida-dias-de-la-ira","status":"publish","type":"post","link":"https:\/\/www.prospereando.es\/index.php\/2018\/01\/27\/mirar-la-vida-dias-de-la-ira\/","title":{"rendered":"Mirar la vida: D\u00edas de la ira"},"content":{"rendered":"<p align=\"justify\"><img loading=\"lazy\" decoding=\"async\" class=\"alignleft size-full wp-image-8129\" src=\"http:\/\/www.prospereando.es\/wp-content\/uploads\/2018\/01\/Banderas1.jpg\" alt=\"Banderas enfrentadas\" width=\"450\" height=\"200\" srcset=\"https:\/\/www.prospereando.es\/wp-content\/uploads\/2018\/01\/Banderas1.jpg 450w, https:\/\/www.prospereando.es\/wp-content\/uploads\/2018\/01\/Banderas1-300x133.jpg 300w\" sizes=\"auto, (max-width: 450px) 100vw, 450px\" \/>No resulta precisamente sencillo formular un diagn\u00f3stico certero del momento actual que vivimos en sus aspectos, sobre todo, social, pol\u00edtico y cultural. Lo que sobrevuela y lo penetra todo es un clima de agresividad y violencia, de s\u00f3rdida crispaci\u00f3n, de hosquedad. Este clima se ha reflejado \u2013y todavla persiste- en expresiones de especial contundencia como <em>d\u00edas de ira<\/em> o tambi\u00e9n <em>delito de odio<\/em>, formulaci\u00f3n jur\u00eddica que me impresiona de modo singular.<\/p>\n<p align=\"justify\">\u00bfPorque acaso no puede llamarse con justicia y racionalidad, sin exageraci\u00f3n, \u201cd\u00edas de ira\u201d a la acumulaci\u00f3n cualitativa de violencia, o \u201cdelito de odio\u201d a la agresividad concentrada hasta extremos indecibles? Esto es lo que m\u00e1s o menos venimos padeciendo hace tiempo en la escena social y pol\u00edtica con motivo del problema del independentismo catal\u00e1n. A pesar del intento objetivo de recuento de pros y de contras, prevalecen un empecinamiento y una crispaci\u00f3n en el sector secesionista que perjudican a la convivencia plural.<\/p>\n<p align=\"justify\">No es f\u00e1cil, ciertamente, acumular y cultivar el odio hasta que alcance la consistencia de la expresi\u00f3n jur\u00eddica y la virulencia del delito. El tejido del odio es de una complejidad y malicia extenuantes. Para implantar sus correctivos hay que encender las peque\u00f1as o grandes luces de la verdad y de la racionalidad, entrenarse en el arte de medir y aprender los sobresaltos y quebrantos de la vida, colmar los vac\u00edos, resistir los embates. Todo ello buscando la armon\u00eda y el equilibrio din\u00e1mico entre las partes.<\/p>\n<p align=\"justify\">La vida es tambi\u00e9n estatura y belleza, voluntad y aventura, estructura y tentativas de esperanza. A menudo nos asaltan las preguntas esenciales, las interpelaciones m\u00e1s penetrantes con las que vamos construyendo el perfil de nuestra madurez humana. Son asimismo las palabras mayores de nuestro vocabulario personal que nos ayudan a edificar \u201cobras de arte\u201d sobre una tierra s\u00f3lida: creatividad, complicidad, fertilidad, sencillez, claridad humilde, rechazo a la agresividad\u2026<\/p>\n<p align=\"justify\">Las apelaciones constantes al di\u00e1logo y a la negociaci\u00f3n son un reclamo invariable del discurso pol\u00edtico. Pero para aumentar su eficacia y virtualidad se requiere formular y fundamentar un cat\u00e1logo de propuestas viables y articuladas que otorguen cohesi\u00f3n al conjunto m\u00e1s all\u00e1 de los t\u00f3picos.<\/p>\n<p align=\"justify\">El crecimiento de los valores positivos garantizar\u00e1 la contenci\u00f3n de actitudes nocivas que siembran un nihilismo corrosivo y desesperanzador. Siempre estamos a tiempo de corregir y enderezar lo exagerado, equivocado o insuficiente.<\/p>\n","protected":false},"excerpt":{"rendered":"<p>No resulta precisamente sencillo formular un diagn\u00f3stico certero del momento actual que vivimos en sus aspectos, sobre todo, social, pol\u00edtico y cultural. Lo que sobrevuela y lo penetra todo es un clima de agresividad y violencia, de s\u00f3rdida crispaci\u00f3n, de hosquedad. Este clima se ha reflejado \u2013y todavla persiste- en expresiones de especial contundencia como d\u00edas de ira o tambi\u00e9n delito de odio, formulaci\u00f3n jur\u00eddica que me impresiona de modo singular.<\/p>\n","protected":false},"author":2,"featured_media":8131,"comment_status":"open","ping_status":"open","sticky":false,"template":"","format":"standard","meta":{"footnotes":""},"categories":[20,6],"tags":[],"class_list":["post-8119","post","type-post","status-publish","format-standard","has-post-thumbnail","hentry","category-opinion","category-sociedad","sent_by-santiago-s-torrado"],"_links":{"self":[{"href":"https:\/\/www.prospereando.es\/index.php\/wp-json\/wp\/v2\/posts\/8119","targetHints":{"allow":["GET"]}}],"collection":[{"href":"https:\/\/www.prospereando.es\/index.php\/wp-json\/wp\/v2\/posts"}],"about":[{"href":"https:\/\/www.prospereando.es\/index.php\/wp-json\/wp\/v2\/types\/post"}],"author":[{"embeddable":true,"href":"https:\/\/www.prospereando.es\/index.php\/wp-json\/wp\/v2\/users\/2"}],"replies":[{"embeddable":true,"href":"https:\/\/www.prospereando.es\/index.php\/wp-json\/wp\/v2\/comments?post=8119"}],"version-history":[{"count":3,"href":"https:\/\/www.prospereando.es\/index.php\/wp-json\/wp\/v2\/posts\/8119\/revisions"}],"predecessor-version":[{"id":8132,"href":"https:\/\/www.prospereando.es\/index.php\/wp-json\/wp\/v2\/posts\/8119\/revisions\/8132"}],"wp:featuredmedia":[{"embeddable":true,"href":"https:\/\/www.prospereando.es\/index.php\/wp-json\/wp\/v2\/media\/8131"}],"wp:attachment":[{"href":"https:\/\/www.prospereando.es\/index.php\/wp-json\/wp\/v2\/media?parent=8119"}],"wp:term":[{"taxonomy":"category","embeddable":true,"href":"https:\/\/www.prospereando.es\/index.php\/wp-json\/wp\/v2\/categories?post=8119"},{"taxonomy":"post_tag","embeddable":true,"href":"https:\/\/www.prospereando.es\/index.php\/wp-json\/wp\/v2\/tags?post=8119"}],"curies":[{"name":"wp","href":"https:\/\/api.w.org\/{rel}","templated":true}]}}