{"id":33,"date":"2011-02-06T23:15:54","date_gmt":"2011-02-06T23:15:54","guid":{"rendered":"http:\/\/www.prospereando.es\/?p=33"},"modified":"2011-02-08T00:33:12","modified_gmt":"2011-02-08T00:33:12","slug":"el-40-de-los-parados-vive-en-hogares-donde-ninguno-de-sus-miembros-trabaja","status":"publish","type":"post","link":"https:\/\/www.prospereando.es\/index.php\/2011\/02\/06\/el-40-de-los-parados-vive-en-hogares-donde-ninguno-de-sus-miembros-trabaja\/","title":{"rendered":"El 40% de los parados vive en hogares donde ninguno de sus miembros trabaja"},"content":{"rendered":"<p>Una situaci\u00f3n que se puede ver agravada por la supresi\u00f3n de la ayuda de 426 euros a los parados sin ingresos, que finaliza el pr\u00f3ximo mes de febrero. Una medida considerada por los sindicatos como &quot;antisocial y antidemocr\u00e1tica&quot;.<\/p>\n<p><img loading=\"lazy\" decoding=\"async\" width=\"420\" height=\"266\" src=\"http:\/\/www.prospereando.es\/wp-content\/uploads\/2011\/02\/paro_420.jpg\" class=\"alignleft size-medium\" id=\"wp-image-3050\" title=\"paro_420\" alt=\"paro_420\" srcset=\"https:\/\/www.prospereando.es\/wp-content\/uploads\/2011\/02\/paro_420.jpg 420w, https:\/\/www.prospereando.es\/wp-content\/uploads\/2011\/02\/paro_420-300x190.jpg 300w\" sizes=\"auto, (max-width: 420px) 100vw, 420px\" \/>La crisis actual est\u00e1 motivando que cada vez haya m\u00e1s incidencia de desempleo simult\u00e1neo entre los miembros de un hogar. Aunque la tasa de paro dista a\u00fan cuatro puntos del m\u00e1ximo que se registr\u00f3 en la crisis de los 90, la incidencia en los hogares esta vez es mayor. Lo dice un informe del Banco de Espa\u00f1a en el que se se\u00f1ala que en los \u00faltimos cincuenta a\u00f1os se ha producido un cambio demogr\u00e1fico que ha afectado al tama\u00f1o medio y a la composici\u00f3n de los hogares sobre todo en las \u00faltimas dos d\u00e9cadas y en los pa\u00edses mediterr\u00e1neos. En estos pa\u00edses la familia juega un papel especial &quot;protector muy relevante&quot;, diferente al resto de Europa, una actitud que disminuye con el aumento del paro.<\/p>\n","protected":false},"excerpt":{"rendered":"<p> Una situaci\u00f3n que se puede ver agravada por la supresi\u00f3n de la ayuda de 426 euros a los parados sin ingresos, que finaliza el pr\u00f3ximo mes de febrero. Una medida considerada por los sindicatos como &quot;antisocial y antidemocr\u00e1tica&quot;.<\/p>\n","protected":false},"author":1,"featured_media":3051,"comment_status":"closed","ping_status":"open","sticky":false,"template":"","format":"standard","meta":{"footnotes":""},"categories":[9],"tags":[],"class_list":["post-33","post","type-post","status-publish","format-standard","has-post-thumbnail","hentry","category-trabajo"],"_links":{"self":[{"href":"https:\/\/www.prospereando.es\/index.php\/wp-json\/wp\/v2\/posts\/33","targetHints":{"allow":["GET"]}}],"collection":[{"href":"https:\/\/www.prospereando.es\/index.php\/wp-json\/wp\/v2\/posts"}],"about":[{"href":"https:\/\/www.prospereando.es\/index.php\/wp-json\/wp\/v2\/types\/post"}],"author":[{"embeddable":true,"href":"https:\/\/www.prospereando.es\/index.php\/wp-json\/wp\/v2\/users\/1"}],"replies":[{"embeddable":true,"href":"https:\/\/www.prospereando.es\/index.php\/wp-json\/wp\/v2\/comments?post=33"}],"version-history":[{"count":0,"href":"https:\/\/www.prospereando.es\/index.php\/wp-json\/wp\/v2\/posts\/33\/revisions"}],"wp:featuredmedia":[{"embeddable":true,"href":"https:\/\/www.prospereando.es\/index.php\/wp-json\/wp\/v2\/media\/3051"}],"wp:attachment":[{"href":"https:\/\/www.prospereando.es\/index.php\/wp-json\/wp\/v2\/media?parent=33"}],"wp:term":[{"taxonomy":"category","embeddable":true,"href":"https:\/\/www.prospereando.es\/index.php\/wp-json\/wp\/v2\/categories?post=33"},{"taxonomy":"post_tag","embeddable":true,"href":"https:\/\/www.prospereando.es\/index.php\/wp-json\/wp\/v2\/tags?post=33"}],"curies":[{"name":"wp","href":"https:\/\/api.w.org\/{rel}","templated":true}]}}