{"id":32,"date":"2011-02-06T22:26:40","date_gmt":"2011-02-06T22:26:40","guid":{"rendered":"http:\/\/www.prospereando.es\/?p=32"},"modified":"2022-04-11T19:36:57","modified_gmt":"2022-04-11T17:36:57","slug":"no-estamos-solos","status":"publish","type":"post","link":"https:\/\/www.prospereando.es\/index.php\/2011\/02\/06\/no-estamos-solos\/","title":{"rendered":"No estamos solos"},"content":{"rendered":"<p>Aunque cueste creerlo todav\u00eda hay tribus ind\u00edgenas que viven aisladas y de las que no se tiene noticias. No hace mucho que esta tribu ha sido descubierta en la selva del Amazonas y fotografiada desde el aire por el departamento de Asuntos Ind\u00edgenas de Brasil. Las fotos muestran una comunidad sana, con cestos llenos de fruta y mandioca.<\/p>\n<p><img loading=\"lazy\" decoding=\"async\" width=\"420\" height=\"280\" src=\"http:\/\/www.prospereando.es\/wp-content\/uploads\/2011\/02\/indigenas_brasile__os_420.jpg\" class=\"alignleft size-medium\" id=\"wp-image-3048\" title=\"indigenas_brasile__os_420\" alt=\"indigenas_brasile__os_420\" srcset=\"https:\/\/www.prospereando.es\/wp-content\/uploads\/2011\/02\/indigenas_brasile__os_420.jpg 420w, https:\/\/www.prospereando.es\/wp-content\/uploads\/2011\/02\/indigenas_brasile__os_420-300x200.jpg 300w\" sizes=\"auto, (max-width: 420px) 100vw, 420px\" \/>Pero no est\u00e1n seguros, su supervivencia est\u00e1 en grave peligro. Los madereros ilegales que act\u00faan en el lado peruano de la frontera est\u00e1n empujando a las comunidades ind\u00edgenas aisladas desde Per\u00fa a Brasil y es probable que en alg\u00fan momento, como ha sucedido en otras ocasiones, haya conflicto entre madereros e ind\u00edgenas.<\/p>\n<p>No siempre se publican im\u00e1genes de tribus que no han tenido contacto con la llamada civilizaci\u00f3n, esta vez es excepcional. Marcos Apurina, coordinador de la organizaci\u00f3n de ind\u00edgenas amaz\u00f3nicos de Brasil ha declarado &quot;Es necesario reafirmar la existencia de estos pueblos, por lo que apoyamos el uso de im\u00e1genes que prueban los hechos. Estos pueblos han visto sus derechos m\u00e1s fundamentales, especialmente su derecho a la vida, ignorados&#8230; Es crucial, por ello, que los protejamos&quot;.<\/p>\n<p>Por su parte el reconocido l\u00edder ind\u00edgena brasile\u00f1o, Davi Kopenawa Yanomami ha explicado que &quot;El lugar donde los ind\u00edgenas <font face=\"Times New Roman\">viven, <\/font>pescan, cazan y plantan debe ser protegido. Por eso es tan \u00fatil mostrar fotos de los ind\u00edgenas no contactados, para que el mundo entero sepa que est\u00e1n ah\u00ed en su selva y que las autoridades deben respetar su derecho a vivir all\u00ed&quot;.<\/p>\n<p>El director de la ONG Survival Internacional, Stephen Corry, hace hincapi\u00e9 en que &quot;Los madereros ilegales destruir\u00e1n a este pueblo ind\u00edgena. Es vital que el Gobierno peruano los detenga antes de que se acabe el tiempo&quot;. Las personas que aparecen en las fotograf\u00edas son, como se ve, sanas y pr\u00f3speras. Lo que necesitan del resto del mundo es que su territorio sea protegido, de forma que puedan tomar sus propias decisiones sobre su futuro. Pero viven en una zona conflictiva y, si la oleada de tala ilegal no se detiene pronto, no tendr\u00e1n futuro. No es s\u00f3lo una posibilidad, a\u00f1ade Corry, &quot;se trata de una verdad hist\u00f3rica irrefutable, reescrita sobre las tumbas de innumerables tribus durante los \u00faltimos cinco siglos&quot;.<\/p>\n<p><em> <\/p>\n<p>M\u00e1s informaci\u00f3n <a target=\"_blank\" href=\"http:\/\/www.indigenasaislados.org\/fotosbrasil\" rel=\"noopener\">www.indigenasaislados.org\/fotosbrasil<\/a><\/p>\n<p><\/em><\/p>\n","protected":false},"excerpt":{"rendered":"<p> Aunque cueste creerlo todav\u00eda hay tribus ind\u00edgenas que viven aisladas y de las que no se tiene noticias. No hace mucho que esta tribu ha sido descubierta en la selva del Amazonas y fotografiada desde el aire por el departamento de Asuntos Ind\u00edgenas de Brasil. Las fotos muestran una comunidad sana, con cestos llenos de fruta y mandioca.<\/p>\n","protected":false},"author":1,"featured_media":3049,"comment_status":"closed","ping_status":"open","sticky":false,"template":"","format":"standard","meta":{"footnotes":""},"categories":[16],"tags":[],"class_list":["post-32","post","type-post","status-publish","format-standard","has-post-thumbnail","hentry","category-derechos-humanos"],"_links":{"self":[{"href":"https:\/\/www.prospereando.es\/index.php\/wp-json\/wp\/v2\/posts\/32","targetHints":{"allow":["GET"]}}],"collection":[{"href":"https:\/\/www.prospereando.es\/index.php\/wp-json\/wp\/v2\/posts"}],"about":[{"href":"https:\/\/www.prospereando.es\/index.php\/wp-json\/wp\/v2\/types\/post"}],"author":[{"embeddable":true,"href":"https:\/\/www.prospereando.es\/index.php\/wp-json\/wp\/v2\/users\/1"}],"replies":[{"embeddable":true,"href":"https:\/\/www.prospereando.es\/index.php\/wp-json\/wp\/v2\/comments?post=32"}],"version-history":[{"count":1,"href":"https:\/\/www.prospereando.es\/index.php\/wp-json\/wp\/v2\/posts\/32\/revisions"}],"predecessor-version":[{"id":20076,"href":"https:\/\/www.prospereando.es\/index.php\/wp-json\/wp\/v2\/posts\/32\/revisions\/20076"}],"wp:featuredmedia":[{"embeddable":true,"href":"https:\/\/www.prospereando.es\/index.php\/wp-json\/wp\/v2\/media\/3049"}],"wp:attachment":[{"href":"https:\/\/www.prospereando.es\/index.php\/wp-json\/wp\/v2\/media?parent=32"}],"wp:term":[{"taxonomy":"category","embeddable":true,"href":"https:\/\/www.prospereando.es\/index.php\/wp-json\/wp\/v2\/categories?post=32"},{"taxonomy":"post_tag","embeddable":true,"href":"https:\/\/www.prospereando.es\/index.php\/wp-json\/wp\/v2\/tags?post=32"}],"curies":[{"name":"wp","href":"https:\/\/api.w.org\/{rel}","templated":true}]}}