{"id":31,"date":"2011-02-06T13:35:16","date_gmt":"2011-02-06T13:35:16","guid":{"rendered":"http:\/\/www.prospereando.es\/?p=31"},"modified":"2011-02-08T00:36:27","modified_gmt":"2011-02-08T00:36:27","slug":"contra-la-subida-de-la-luz","status":"publish","type":"post","link":"https:\/\/www.prospereando.es\/index.php\/2011\/02\/06\/contra-la-subida-de-la-luz\/","title":{"rendered":"Contra la subida de la luz"},"content":{"rendered":"<p>Asociaciones vecinales de varias comunidades aut\u00f3nomas se movilizan contra el incremento de las tarifas el\u00e9ctricas. La campa\u00f1a comenz\u00f3 el pasado 27 de enero con concentraciones de protesta en diez ciudades. En Madrid fue el d\u00eda 28, una representaci\u00f3n vecinal unitaria se concentr\u00f3 ante la sede de la Asociaci\u00f3n Espa\u00f1ola de la Industria El\u00e9ctrica (UNESA).<\/p>\n<p><img loading=\"lazy\" decoding=\"async\" width=\"238\" height=\"211\" src=\"http:\/\/www.prospereando.es\/wp-content\/uploads\/2011\/02\/238x211_image.jpg\" class=\"alignleft size-medium\" id=\"wp-image-3046\" title=\"Sube la luz\" alt=\"Sube la luz\"\/>Las familias son las que pagan el 75% del total facturado a pesar de que su consumo es solo del 48% de la electricidad. Adem\u00e1s existe el temor de que, el d\u00e9ficit tarifario, es decir, la deuda que el Gobierno tiene con las empresas el\u00e9ctricas que ronda los 20.000 millones de euros sea repercutido a la econom\u00eda familiar con nuevas subidas. <\/p>\n<p>Las Asociaciones de Vecinos quieren que el Ministerio de Industria garantice el control p\u00fablico del mercado el\u00e9ctrico de forma que las tarifas incorporen criterios de progresividad que obligue a pagar m\u00e1s a quien m\u00e1s consume. As\u00ed mismo, creen necesario que el Gobierno explique como va a abordar el d\u00e9ficit tarifario. Proponen que se promueva un debate p\u00fablico sobre el dise\u00f1o racional del consumo y la producci\u00f3n el\u00e9ctrica con el fin de estudiar objetivos econ\u00f3micos estrat\u00e9gicos, como la creaci\u00f3n de puestos de trabajo, la innovaci\u00f3n tecnol\u00f3gica o la promoci\u00f3n de un consumo responsable y sostenible de la energ\u00eda.<\/p>\n","protected":false},"excerpt":{"rendered":"<p> Asociaciones vecinales de varias comunidades aut\u00f3nomas se movilizan contra el incremento de las tarifas el\u00e9ctricas. La campa\u00f1a comenz\u00f3 el pasado 27 de enero con concentraciones de protesta en diez ciudades. En Madrid fue el d\u00eda 28, una representaci\u00f3n vecinal unitaria se concentr\u00f3 ante la sede de la Asociaci\u00f3n Espa\u00f1ola de la Industria El\u00e9ctrica (UNESA).<\/p>\n","protected":false},"author":1,"featured_media":3047,"comment_status":"closed","ping_status":"open","sticky":false,"template":"","format":"standard","meta":{"footnotes":""},"categories":[15],"tags":[],"class_list":["post-31","post","type-post","status-publish","format-standard","has-post-thumbnail","hentry","category-consumo"],"_links":{"self":[{"href":"https:\/\/www.prospereando.es\/index.php\/wp-json\/wp\/v2\/posts\/31","targetHints":{"allow":["GET"]}}],"collection":[{"href":"https:\/\/www.prospereando.es\/index.php\/wp-json\/wp\/v2\/posts"}],"about":[{"href":"https:\/\/www.prospereando.es\/index.php\/wp-json\/wp\/v2\/types\/post"}],"author":[{"embeddable":true,"href":"https:\/\/www.prospereando.es\/index.php\/wp-json\/wp\/v2\/users\/1"}],"replies":[{"embeddable":true,"href":"https:\/\/www.prospereando.es\/index.php\/wp-json\/wp\/v2\/comments?post=31"}],"version-history":[{"count":0,"href":"https:\/\/www.prospereando.es\/index.php\/wp-json\/wp\/v2\/posts\/31\/revisions"}],"wp:featuredmedia":[{"embeddable":true,"href":"https:\/\/www.prospereando.es\/index.php\/wp-json\/wp\/v2\/media\/3047"}],"wp:attachment":[{"href":"https:\/\/www.prospereando.es\/index.php\/wp-json\/wp\/v2\/media?parent=31"}],"wp:term":[{"taxonomy":"category","embeddable":true,"href":"https:\/\/www.prospereando.es\/index.php\/wp-json\/wp\/v2\/categories?post=31"},{"taxonomy":"post_tag","embeddable":true,"href":"https:\/\/www.prospereando.es\/index.php\/wp-json\/wp\/v2\/tags?post=31"}],"curies":[{"name":"wp","href":"https:\/\/api.w.org\/{rel}","templated":true}]}}