{"id":30062,"date":"2026-05-01T15:14:47","date_gmt":"2026-05-01T13:14:47","guid":{"rendered":"https:\/\/www.prospereando.es\/?p=30062"},"modified":"2026-05-01T15:14:47","modified_gmt":"2026-05-01T13:14:47","slug":"1ode-mayo","status":"publish","type":"post","link":"https:\/\/www.prospereando.es\/index.php\/2026\/05\/01\/1ode-mayo\/","title":{"rendered":"1\u00bade mayo"},"content":{"rendered":"<p>El primero de mayo, ha sido siempre un d\u00eda para la reivindicaci\u00f3n, para la petici\u00f3n de<br \/>\nmedidas sociales a favor de los trabajadores menos favorecidos.<br \/>\nEn la actualidad las redes sociales nos han atrapado, hemos perdido conciencia de clase<br \/>\ny sobre esas nuestras necesidades. Los est\u00edmulos que recibimos est\u00e1n alejados de<br \/>\nnuestra cotidiana realidad.<img loading=\"lazy\" decoding=\"async\" class=\"size-medium wp-image-30063 alignleft\" src=\"http:\/\/www.prospereando.es\/wp-content\/uploads\/2026\/05\/65fc0efa-91b2-403a-9b15-4beedb670985_alta-libre-aspect-ratio_default_0-218080008-300x200.jpg\" alt=\"\" width=\"300\" height=\"200\" srcset=\"https:\/\/www.prospereando.es\/wp-content\/uploads\/2026\/05\/65fc0efa-91b2-403a-9b15-4beedb670985_alta-libre-aspect-ratio_default_0-218080008-300x200.jpg 300w, https:\/\/www.prospereando.es\/wp-content\/uploads\/2026\/05\/65fc0efa-91b2-403a-9b15-4beedb670985_alta-libre-aspect-ratio_default_0-218080008.jpg 599w\" sizes=\"auto, (max-width: 300px) 100vw, 300px\" \/><\/p>\n<p>Las manifestaciones obreras hoy transcurrir\u00e1n por los lugares de siempre, mansamente<br \/>\nindignados olvidaremos nuestros problemas reales, nuestros problemas de clase y los de<br \/>\nnuestros hijos y secundaremos a aquellos l\u00edderes que nada dan y apenas nada piden,<br \/>\neternamente encajados en la sombra revolucionaria.<\/p>\n<p>Hoy la masa social activada por el problema m\u00e1s acuciante, la falta de vivienda p\u00fablica<br \/>\nde alquiler, tendr\u00eda que recorrer el espacio de 12 kil\u00f3metros, ese gran bulevar, donde se<br \/>\nva a urbanizar Madrid Nuevo Norte, creando cientos de viviendas de uso p\u00fablico y<br \/>\npedir a quienes manejan los porcentajes de suelo p\u00fablico, que se tripliquen.<\/p>\n<p>No vale decir que se va a construir un n\u00famero de viviendas p\u00fablicas. Hay que exigir que se<br \/>\ntriplique, para que bajen los precios en los alquileres y en la venta de pisos.<\/p>\n<p>No, eso no interesa, el ayuntamiento anuncia la creaci\u00f3n de 7.100 viviendas, el 20% de<br \/>\nprotecci\u00f3n p\u00fablica, es decir 1.400 viviendas. Algo a todas luces insuficiente. No nos<br \/>\nexplica los espacios destinados a uso p\u00fablico: educaci\u00f3n, sanidad, deportivo, social.<\/p>\n<p>Habr\u00e1 institutos, \u00bfpero ser\u00e1n privados o p\u00fablicos?<\/p>\n<p>Habr\u00e1 centros sanitarios, \u00bfpero privados o p\u00fablicos?<\/p>\n<p>Habr\u00e1 espacios dedicados al deporte, \u00bfpero de gesti\u00f3n p\u00fablica o privada?<\/p>\n<p>\u00bfCu\u00e1ntos m2 habr\u00e1 de zonas verdes, que porcentaje del total se dedicar\u00e1 a esto?<br \/>\nMucho nos tememos que poco. Cuanto m\u00e1s r\u00e1pido asesinemos al M.A, m\u00e1s r\u00e1pido<br \/>\nenfermaremos.<\/p>\n<p>La \u00faltima iniciativa de esta Comunidad ha sido secar las lagunas de<br \/>\nAmbroz, donde se albergan especies como el avi\u00f3n zapador, especie amenazada en esta<br \/>\nComunidad, para albergar nuevamente una mina de sepiolita, ese mineral que compran<br \/>\nlos due\u00f1os de gatos para evitar malos olores.<\/p>\n<p>Mucho nos tememos que en una Comunidad donde todo est\u00e1 relacionado con el dinero<br \/>\nque tienen que ganar las empresas privadas, el 1\u00ba de mayo, debe ser de lucha para<br \/>\nfavorecer a la clase m\u00e1s desfavorecida. La clase social que apost\u00f3 por lo p\u00fablico.<\/p>\n<p>Deber\u00edamos plantearnos como deben ser nuestras reivindicaciones laborales a partir de<br \/>\nahora. Si damos paso libre a lo privado, los sueldos de los trabajadores seguir\u00e1n siendo<br \/>\nlamentables, en cambio, si hacemos que lo p\u00fablico funcione, los trabajadores contar\u00e1n<br \/>\ncon unos sueldos respetables y lo privado tendr\u00e1 que irse a lucrar a otros lugares menos<br \/>\nserviles.<\/p>\n<p>Por eso, en un d\u00eda como hoy, planteo cu\u00e1l es el objetivo de lucha sindical y de los<br \/>\ntrabajadores.<br \/>\nTenemos un a\u00f1o para pensar en que lado estamos y cu\u00e1les son nuestros intereses.<\/p>\n","protected":false},"excerpt":{"rendered":"<p>El primero de mayo, ha sido siempre un d\u00eda para la reivindicaci\u00f3n, para la petici\u00f3n de medidas sociales a favor de los trabajadores menos favorecidos. En la actualidad las redes sociales nos han atrapado, hemos perdido conciencia de clase y sobre esas nuestras necesidades. Los est\u00edmulos que recibimos est\u00e1n alejados de nuestra cotidiana realidad. Las manifestaciones obreras hoy transcurrir\u00e1n por los lugares de siempre, mansamente indignados olvidaremos nuestros problemas reales, nuestros problemas de clase y los de nuestros hijos y secundaremos a aquellos l\u00edderes que nada dan y apenas nada &hellip; <\/p>\n","protected":false},"author":4,"featured_media":30063,"comment_status":"open","ping_status":"open","sticky":false,"template":"","format":"standard","meta":{"footnotes":""},"categories":[14],"tags":[],"class_list":["post-30062","post","type-post","status-publish","format-standard","has-post-thumbnail","hentry","category-ciudadania","sent_by-e-m-e"],"_links":{"self":[{"href":"https:\/\/www.prospereando.es\/index.php\/wp-json\/wp\/v2\/posts\/30062","targetHints":{"allow":["GET"]}}],"collection":[{"href":"https:\/\/www.prospereando.es\/index.php\/wp-json\/wp\/v2\/posts"}],"about":[{"href":"https:\/\/www.prospereando.es\/index.php\/wp-json\/wp\/v2\/types\/post"}],"author":[{"embeddable":true,"href":"https:\/\/www.prospereando.es\/index.php\/wp-json\/wp\/v2\/users\/4"}],"replies":[{"embeddable":true,"href":"https:\/\/www.prospereando.es\/index.php\/wp-json\/wp\/v2\/comments?post=30062"}],"version-history":[{"count":1,"href":"https:\/\/www.prospereando.es\/index.php\/wp-json\/wp\/v2\/posts\/30062\/revisions"}],"predecessor-version":[{"id":30064,"href":"https:\/\/www.prospereando.es\/index.php\/wp-json\/wp\/v2\/posts\/30062\/revisions\/30064"}],"wp:featuredmedia":[{"embeddable":true,"href":"https:\/\/www.prospereando.es\/index.php\/wp-json\/wp\/v2\/media\/30063"}],"wp:attachment":[{"href":"https:\/\/www.prospereando.es\/index.php\/wp-json\/wp\/v2\/media?parent=30062"}],"wp:term":[{"taxonomy":"category","embeddable":true,"href":"https:\/\/www.prospereando.es\/index.php\/wp-json\/wp\/v2\/categories?post=30062"},{"taxonomy":"post_tag","embeddable":true,"href":"https:\/\/www.prospereando.es\/index.php\/wp-json\/wp\/v2\/tags?post=30062"}],"curies":[{"name":"wp","href":"https:\/\/api.w.org\/{rel}","templated":true}]}}