{"id":30051,"date":"2026-04-30T19:41:29","date_gmt":"2026-04-30T17:41:29","guid":{"rendered":"https:\/\/www.prospereando.es\/?p=30051"},"modified":"2026-04-30T19:41:29","modified_gmt":"2026-04-30T17:41:29","slug":"mineros-de-hemeroteca","status":"publish","type":"post","link":"https:\/\/www.prospereando.es\/index.php\/2026\/04\/30\/mineros-de-hemeroteca\/","title":{"rendered":"Mineros de hemeroteca"},"content":{"rendered":"<p>Con motivo del D\u00eda del Libro, recib\u00ed una invitaci\u00f3n para asistir a la presentaci\u00f3n del<br \/>\n\u00faltimo libro de Jos\u00e9 Manuel Carcas\u00e9s. Un infatigable investigador, periodista de raza;<br \/>\ncomo \u00e9l cuenta, la investigaci\u00f3n se hace a base de dieciocho horas diarias en la<br \/>\nhemeroteca.<\/p>\n<p><img loading=\"lazy\" decoding=\"async\" class=\"size-medium wp-image-30056 alignleft\" src=\"http:\/\/www.prospereando.es\/wp-content\/uploads\/2026\/04\/Carcasesgrande-300x200.webp\" alt=\"\" width=\"300\" height=\"200\" srcset=\"https:\/\/www.prospereando.es\/wp-content\/uploads\/2026\/04\/Carcasesgrande-300x200.webp 300w, https:\/\/www.prospereando.es\/wp-content\/uploads\/2026\/04\/Carcasesgrande.webp 485w\" sizes=\"auto, (max-width: 300px) 100vw, 300px\" \/>Jos\u00e9 Manuel es mi maestro. Durante unos a\u00f1os en los Cursos de Verano de la UCM, que se imparten en El Escorial, iba a aprender de los que m\u00e1s sab\u00edan del poeta oriolano.<\/p>\n<p>Hab\u00eda d\u00edas que se enfrascaban quiz\u00e1 las tres personas que m\u00e1s sepan y hayan investigado a Miguel Hern\u00e1ndez en Espa\u00f1a: Jesucristo Riquelme, Jos\u00e9 Luis F\u00e9rriz y Jos\u00e9 Manuel Carcas\u00e9s, director de los cursos, en debatir sobre lo que hab\u00edan encontrado en uno u otro peri\u00f3dico previos a la guerra que hubo en Espa\u00f1a (que fue el previo a la II Guerra Mundial), de las narraciones epistolares, de documentos encontrados en archivos\u2026 La semana de curso se pasaba sin enterarnos, un ambiente estudiantil<br \/>\ninmejorable y unos profesores de diez.<\/p>\n<p>Jos\u00e9 Manuel, siempre ha estado con algo entre las manos, sobre todo ganando premios,<br \/>\nya fuera de poes\u00eda o como el mejor periodista Joven por el Gobierno de Espa\u00f1a.<br \/>\nJos\u00e9 Manuel es doctor en Comunicaci\u00f3n, sus ojos azules vivos y atentos a todo lo que<br \/>\nocurre a su alrededor, sempiternamente rubio, los a\u00f1os no pasan por \u00e9l, aunque dice estar cansado.<\/p>\n<p>Como muestra de su cansancio, mostr\u00f3 en la presentaci\u00f3n de su \u00faltima novela: <em>Los <\/em><em>amores del poeta.<\/em> Ya sabemos de qu\u00e9 va la historia, \u00bfverdad? Su \u00faltima investigaci\u00f3n.<\/p>\n<p>Miguel fue un joven con un coeficiente intelectual alt\u00edsimo. Sab\u00eda jugar al f\u00fatbol, sab\u00eda de toros, por eso, al poco de llegar a Madrid encontr\u00f3 trabajo en la redacci\u00f3n de la obra taurina <em>Los toros<\/em>: Tratado T\u00e9cnico e Hist\u00f3rico. Conocido por los entendidos como: El Coss\u00edo.<\/p>\n<p><img loading=\"lazy\" decoding=\"async\" class=\"size-medium wp-image-30052 alignleft\" src=\"http:\/\/www.prospereando.es\/wp-content\/uploads\/2026\/04\/500px-Miguel_hernandez-221x300.jpg\" alt=\"\" width=\"221\" height=\"300\" srcset=\"https:\/\/www.prospereando.es\/wp-content\/uploads\/2026\/04\/500px-Miguel_hernandez-221x300.jpg 221w, https:\/\/www.prospereando.es\/wp-content\/uploads\/2026\/04\/500px-Miguel_hernandez.jpg 500w\" sizes=\"auto, (max-width: 221px) 100vw, 221px\" \/>Dirigi\u00f3<em> La Barraca<\/em> cuando falt\u00f3 Federico, fue dramaturgo de paz con obras en<br \/>\nverso como: El Labrador de m\u00e1s aire y dramaturgo de guerra con peque\u00f1as piezas que se representaban en las trincheras. Fue periodista de guerra y seg\u00fan se descubri\u00f3 hace a\u00f1os, hizo cr\u00edticas musicales para una radio local.<\/p>\n<p>Hay una vieja pel\u00edcula hecha en el verano de 1937, en Quijorna (Madrid), en la que aparece un grupo de j\u00f3venes combatientes y m\u00fasicos, interpretando una pieza, aventur\u00e1ndonos un poco pudiera ser un pasodoble. Al piano se perfila una silueta conocida.<\/p>\n<p>Jos\u00e9 Manuel se encarg\u00f3 de mostrarnos a los asistentes, el m\u00e1s que<br \/>\nrazonabil\u00edsimo parecido de ese perfil sombr\u00edo con el del poeta Miguel Hern\u00e1ndez.<\/p>\n<p>S\u00ed, Miguel, como Federico, tocaba el piano, tambi\u00e9n Miguel escribi\u00f3 una letra que no conocemos, por motivos obvios, escribi\u00f3 la letra del himno de la rep\u00fablica.<\/p>\n<p>Grandes competidores en la vida y en la poes\u00eda, en el criterio y las emociones. El uno<br \/>\nsiempre en alpargatas, el otro cargado de elegancia. Los dos encontraron un final<br \/>\nterrible por causa de la guerra, los dos escribieron grandes e intensos poemas, quiz\u00e1 su<br \/>\n\u00fanico parecido fueron los octos\u00edlabos de algunos de sus versos.<\/p>\n<p>Dec\u00eda Mari Paz Ballesteros, profesora de verso y asesora del verso en el Siglo de Oro en<br \/>\nel teatro Espa\u00f1ol, que el castellano tiene un ritmo propio que va en una m\u00e9trica o<br \/>\ncadencia de octos\u00edlabos. Por tanto, los poetas encuentran su ritmo en esta misma<br \/>\nm\u00e9trica:<\/p>\n<p>Verde que te quiero verde,<br \/>\nVerde viento. Verdes ramas\u2026<br \/>\n\u2026<br \/>\nAndaluces de Ja\u00e9n,<br \/>\naceituneros altivos&#8230;<br \/>\n\u2026<br \/>\nCon un sorbito de champ\u00e1n,<br \/>\nBrindando por el nuevo amor\u2026<\/p>\n","protected":false},"excerpt":{"rendered":"<p>Con motivo del D\u00eda del Libro, recib\u00ed una invitaci\u00f3n para asistir a la presentaci\u00f3n del \u00faltimo libro de Jos\u00e9 Manuel Carcas\u00e9s. Un infatigable investigador, periodista de raza; como \u00e9l cuenta, la investigaci\u00f3n se hace a base de dieciocho horas diarias en la hemeroteca. Jos\u00e9 Manuel es mi maestro. Durante unos a\u00f1os en los Cursos de Verano de la UCM, que se imparten en El Escorial, iba a aprender de los que m\u00e1s sab\u00edan del poeta oriolano. Hab\u00eda d\u00edas que se enfrascaban quiz\u00e1 las tres personas que m\u00e1s sepan y hayan &hellip; <\/p>\n","protected":false},"author":4,"featured_media":30056,"comment_status":"open","ping_status":"open","sticky":false,"template":"","format":"standard","meta":{"footnotes":""},"categories":[18],"tags":[],"class_list":["post-30051","post","type-post","status-publish","format-standard","has-post-thumbnail","hentry","category-cultura","sent_by-lucia-apagon"],"_links":{"self":[{"href":"https:\/\/www.prospereando.es\/index.php\/wp-json\/wp\/v2\/posts\/30051","targetHints":{"allow":["GET"]}}],"collection":[{"href":"https:\/\/www.prospereando.es\/index.php\/wp-json\/wp\/v2\/posts"}],"about":[{"href":"https:\/\/www.prospereando.es\/index.php\/wp-json\/wp\/v2\/types\/post"}],"author":[{"embeddable":true,"href":"https:\/\/www.prospereando.es\/index.php\/wp-json\/wp\/v2\/users\/4"}],"replies":[{"embeddable":true,"href":"https:\/\/www.prospereando.es\/index.php\/wp-json\/wp\/v2\/comments?post=30051"}],"version-history":[{"count":1,"href":"https:\/\/www.prospereando.es\/index.php\/wp-json\/wp\/v2\/posts\/30051\/revisions"}],"predecessor-version":[{"id":30057,"href":"https:\/\/www.prospereando.es\/index.php\/wp-json\/wp\/v2\/posts\/30051\/revisions\/30057"}],"wp:featuredmedia":[{"embeddable":true,"href":"https:\/\/www.prospereando.es\/index.php\/wp-json\/wp\/v2\/media\/30056"}],"wp:attachment":[{"href":"https:\/\/www.prospereando.es\/index.php\/wp-json\/wp\/v2\/media?parent=30051"}],"wp:term":[{"taxonomy":"category","embeddable":true,"href":"https:\/\/www.prospereando.es\/index.php\/wp-json\/wp\/v2\/categories?post=30051"},{"taxonomy":"post_tag","embeddable":true,"href":"https:\/\/www.prospereando.es\/index.php\/wp-json\/wp\/v2\/tags?post=30051"}],"curies":[{"name":"wp","href":"https:\/\/api.w.org\/{rel}","templated":true}]}}