{"id":30049,"date":"2026-04-30T18:52:49","date_gmt":"2026-04-30T16:52:49","guid":{"rendered":"https:\/\/www.prospereando.es\/?p=30049"},"modified":"2026-04-30T18:53:12","modified_gmt":"2026-04-30T16:53:12","slug":"viva-lo-macro","status":"publish","type":"post","link":"https:\/\/www.prospereando.es\/index.php\/2026\/04\/30\/viva-lo-macro\/","title":{"rendered":"\u00a1Viva lo macro!"},"content":{"rendered":"<p>La semana pasada los vecinos de Alcobendas se han estrenado con la noticia de que<br \/>\nvan a comenzar las obras del primer tramo de ese macro bulevar que unir\u00e1 Alcobendas<br \/>\ncon la Plaza de Castilla. Las obras se iniciar\u00e1n en la glorieta de la Menina.<br \/>\nSeg\u00fan explica la publicidad municipal este bulevar tendr\u00e1 12 km de largo. La<br \/>\npromoci\u00f3n se\u00f1ala que en ese largo espacio se concentrar\u00e1 el 15% del PIB de Espa\u00f1a.<br \/>\n\u00a1Toma ya!<\/p>\n<p>Se explica que cincuenta grandes multinacionales multimillonarias y multi alejadas de<br \/>\nlas necesidades reales de sus trabajadores y de los vecinos de Madrid y Alcobendas van<br \/>\na proporcionar un trabajo lejos de las necesidades reales de todos, menos de ellas, las<br \/>\nmultinacionales.<\/p>\n<p>El bulevar tendr\u00e1 una anchura de treinta metros, un gran paseo central (caso contrario<br \/>\nno ser\u00eda bulevar), unas v\u00edas que ser\u00e1n peatonales (vamos, como suelen ser los bulevares)<br \/>\nY, \u00a1ojo!, un carril bici de 1.151 metros, que facilite el desplazamiento de los curritos que<br \/>\nno pueden pagar la gasolina y la vivienda con los sueldos que dan las multinacionales.<\/p>\n<p>Una salvedad, solo habr\u00e1 carril hasta el Centro Comercial Rio Norte, en la carretera de<br \/>\nFuencarral, donde est\u00e1n ubicados los macro-s\u00faper de la zona.<\/p>\n<p>Anuncian a bombo y platillo que ser\u00e1 un pulm\u00f3n verde con 430 \u00e1rboles. Hago las<br \/>\ncuentas y me destornillo. Si seg\u00fan los c\u00e1nones medioambientales, cada persona necesita<br \/>\nel ox\u00edgeno que ofrecen m\u00e1s de veinte \u00e1rboles, para evitar respirar contaminaci\u00f3n urbana<br \/>\ny CO2, con 430 \u00e1rboles solo habr\u00e1 ox\u00edgeno decente para una veintena de personas (debe<br \/>\nser una equivocaci\u00f3n).<\/p>\n<p>Algunos no entendemos construir durante doce kil\u00f3metros empresas con sus oficinas,<br \/>\nen lugar de crear la ciudad de la justicia, la ciudad de los ministerios, espacios<br \/>\nmuse\u00edsticos, hospitales p\u00fablicos, Auditorios, bibliotecas, colegios, institutos, salas de<br \/>\nexposiciones y entre uno y otro espacio cultural arbolado mucho arbolado. Pero\u2026 El<br \/>\nnegocio es el negocio y el % \u2026<\/p>\n<p>En realidad, esta es la teor\u00eda, con los a\u00f1os veremos en que se convierte todo ese macro<br \/>\nbulevar. Habr\u00e1 cesiones de terrenos para centros universitarios privados, para colegios e<br \/>\ninstitutos privados: especulaci\u00f3n. Nada se dice sobre lo que se va a construir a ambos lados del tremendo bulevar, pero seguro que pocos espacios p\u00fablicos, pocas viviendas de alquiler social para personas desfavorecidas o j\u00f3venes en busca de futuro con<br \/>\ntrabajos precarios. Pocos, muy pocos \u00e1rboles que ofrezcan humedad y refresquen el<br \/>\nambiente. Eso no da dinero, solo da salud y las multinacionales no dan salud, en todo<br \/>\ncaso la venden.<\/p>\n<p>A ver si alguien piensa en el problema que se nos viene encima e idea aparcamientos<br \/>\npersuasivos para los visitantes y una completa red de servicios p\u00fablicos que eviten el<br \/>\nuso de veh\u00edculos privados.<\/p>\n<p>Algunos vecinos son de la opini\u00f3n de que, si se llevaran muchas oficinas p\u00fablicas al<br \/>\nextrarradio, los distritos contar\u00edan con espacios para dedicarlo a lo p\u00fablico. No nos<br \/>\nenga\u00f1emos, se vender\u00edan a constructoras y los vecinos no tendr\u00edamos nada, como ahora,<br \/>\nsolo gentrificaci\u00f3n.<\/p>\n<p>Tampoco sabr\u00edan gestionar ese bulevar como el lugar id\u00f3neo para<br \/>\nhacer las carreras que se han puesto de moda en la capital. Todo eso no da dinero y<br \/>\nest\u00e1n para eso, para sacar dinero, a\u00fan desconocemos que pretenden financiar para los<br \/>\nvecinos. Seguro que nada.<\/p>\n","protected":false},"excerpt":{"rendered":"<p>La semana pasada los vecinos de Alcobendas se han estrenado con la noticia de que van a comenzar las obras del primer tramo de ese macro bulevar que unir\u00e1 Alcobendas con la Plaza de Castilla. Las obras se iniciar\u00e1n en la glorieta de la Menina. Seg\u00fan explica la publicidad municipal este bulevar tendr\u00e1 12 km de largo. La promoci\u00f3n se\u00f1ala que en ese largo espacio se concentrar\u00e1 el 15% del PIB de Espa\u00f1a. \u00a1Toma ya! Se explica que cincuenta grandes multinacionales multimillonarias y multi alejadas de las necesidades reales de &hellip; <\/p>\n","protected":false},"author":4,"featured_media":0,"comment_status":"open","ping_status":"open","sticky":false,"template":"","format":"standard","meta":{"footnotes":""},"categories":[22],"tags":[],"class_list":["post-30049","post","type-post","status-publish","format-standard","hentry","category-editorial"],"_links":{"self":[{"href":"https:\/\/www.prospereando.es\/index.php\/wp-json\/wp\/v2\/posts\/30049","targetHints":{"allow":["GET"]}}],"collection":[{"href":"https:\/\/www.prospereando.es\/index.php\/wp-json\/wp\/v2\/posts"}],"about":[{"href":"https:\/\/www.prospereando.es\/index.php\/wp-json\/wp\/v2\/types\/post"}],"author":[{"embeddable":true,"href":"https:\/\/www.prospereando.es\/index.php\/wp-json\/wp\/v2\/users\/4"}],"replies":[{"embeddable":true,"href":"https:\/\/www.prospereando.es\/index.php\/wp-json\/wp\/v2\/comments?post=30049"}],"version-history":[{"count":1,"href":"https:\/\/www.prospereando.es\/index.php\/wp-json\/wp\/v2\/posts\/30049\/revisions"}],"predecessor-version":[{"id":30050,"href":"https:\/\/www.prospereando.es\/index.php\/wp-json\/wp\/v2\/posts\/30049\/revisions\/30050"}],"wp:attachment":[{"href":"https:\/\/www.prospereando.es\/index.php\/wp-json\/wp\/v2\/media?parent=30049"}],"wp:term":[{"taxonomy":"category","embeddable":true,"href":"https:\/\/www.prospereando.es\/index.php\/wp-json\/wp\/v2\/categories?post=30049"},{"taxonomy":"post_tag","embeddable":true,"href":"https:\/\/www.prospereando.es\/index.php\/wp-json\/wp\/v2\/tags?post=30049"}],"curies":[{"name":"wp","href":"https:\/\/api.w.org\/{rel}","templated":true}]}}