{"id":30036,"date":"2026-04-30T13:46:13","date_gmt":"2026-04-30T11:46:13","guid":{"rendered":"https:\/\/www.prospereando.es\/?p=30036"},"modified":"2026-04-30T13:47:46","modified_gmt":"2026-04-30T11:47:46","slug":"luz-matutina-y-otros-trucos-para-que-la-edad-no-nos-quite-el-sueno","status":"publish","type":"post","link":"https:\/\/www.prospereando.es\/index.php\/2026\/04\/30\/luz-matutina-y-otros-trucos-para-que-la-edad-no-nos-quite-el-sueno\/","title":{"rendered":"Luz matutina y otros trucos para que la edad no nos quite el sue\u00f1o"},"content":{"rendered":"<p>Muchas personas observan que, con el paso de los a\u00f1os, dormir \u201ccomo un ni\u00f1o\u201d se vuelve m\u00e1s dif\u00edcil. El sue\u00f1o parece menos profundo, los despertares nocturnos son m\u00e1s frecuentes y cualquier ruido leve o preocupaci\u00f3n puede interrumpir el descanso.<\/p>\n<p>Esta experiencia no es una simple percepci\u00f3n subjetiva: la ciencia del sue\u00f1o ha demostrado que el envejecimiento se asocia a cambios bien definidos en la estructura y la regulaci\u00f3n del sue\u00f1o.<\/p>\n<h2>La arquitectura del sue\u00f1o cambia con la edad<\/h2>\n<p>El sue\u00f1o humano se organiza en ciclos que incluyen fases de sue\u00f1o no REM (N1, N2 y N3) y sue\u00f1o REM. La fase N3, tambi\u00e9n conocida como sue\u00f1o de ondas lentas o sue\u00f1o profundo, es especialmente importante para la recuperaci\u00f3n f\u00edsica y cerebral.<\/p>\n<p>Diversos estudios han demostrado que, a partir de la edad adulta media, se produce una reducci\u00f3n progresiva del sue\u00f1o de ondas lentas, junto con un aumento del n\u00famero de despertares y del tiempo despierto tras el inicio del sue\u00f1o. En concreto, un metaan\u00e1lisis cl\u00e1sico basado en datos de m\u00e1s de 65 estudios y miles de individuos sanos mostr\u00f3 que <a href=\"https:\/\/pubmed.ncbi.nlm.nih.gov\/15586779\/\">el porcentaje de sue\u00f1o profundo disminuye de forma significativa con la edad, a la vez que el sue\u00f1o se vuelve m\u00e1s fragmentado y menos eficiente<\/a>.<\/p>\n<p>Este cambio en la arquitectura del sue\u00f1o explica en gran medida la sensaci\u00f3n de \u201csue\u00f1o ligero\u201d que refieren muchas personas mayores.<\/p>\n<h2>El envejecimiento cerebral desestabiliza el sue\u00f1o<\/h2>\n<h2><img loading=\"lazy\" decoding=\"async\" class=\"size-medium wp-image-30039 alignleft\" src=\"http:\/\/www.prospereando.es\/wp-content\/uploads\/2026\/04\/zzz-sleep-symbol-to-night-rest-free-vector-2766762501-300x163.jpg\" alt=\"\" width=\"300\" height=\"163\" srcset=\"https:\/\/www.prospereando.es\/wp-content\/uploads\/2026\/04\/zzz-sleep-symbol-to-night-rest-free-vector-2766762501-300x163.jpg 300w, https:\/\/www.prospereando.es\/wp-content\/uploads\/2026\/04\/zzz-sleep-symbol-to-night-rest-free-vector-2766762501.jpg 599w\" sizes=\"auto, (max-width: 300px) 100vw, 300px\" \/><\/h2>\n<p>Dormir no es un proceso pasivo. El cerebro mantiene activamente el estado de sue\u00f1o mediante redes neuronales que inhiben la vigilia y protegen frente a est\u00edmulos externos. Con el envejecimiento, estas redes se vuelven menos eficaces.<\/p>\n<p>Los cambios estructurales y funcionales del cerebro envejecido, especialmente en regiones frontales, <a href=\"https:\/\/pubmed.ncbi.nlm.nih.gov\/28384471\/\">reducen la generaci\u00f3n de ondas lentas y disminuyen la capacidad del \u00f3rgano para mantener un sue\u00f1o profundo y estable<\/a>. Como consecuencia, el umbral para despertarse baja, haciendo que est\u00edmulos menores provoquen microdespertares o despertares completos.<\/p>\n<p>Adem\u00e1s, con la edad se altera la <a href=\"https:\/\/pubmed.ncbi.nlm.nih.gov\/28384471\/\">microarquitectura del sue\u00f1o<\/a>, como los husos del sue\u00f1o, que desempe\u00f1an un papel clave en la consolidaci\u00f3n del descanso nocturno y la protecci\u00f3n frente a interrupciones.<\/p>\n<p><a href=\"https:\/\/pubmed.ncbi.nlm.nih.gov\/22043128\/\">Estudios con actigraf\u00eda<\/a> tambi\u00e9n muestran que los patrones de descanso-actividad se vuelven m\u00e1s fragmentados con la edad, reflejando una p\u00e9rdida de continuidad del sue\u00f1o. Y somos m\u00e1s vulnerables al <a href=\"https:\/\/pubmed.ncbi.nlm.nih.gov\/29852897\/\">insomnio<\/a><\/p>\n<h2>Amanece m\u00e1s temprano<\/h2>\n<p>Otro factor clave es el envejecimiento del sistema circadiano, el \u201creloj interno\u201d que regula los ciclos de sue\u00f1o y vigilia. Con la edad, se produce un adelanto de fase circadiana, como si el d\u00eda comenzase antes para nuestro cerebro. Eso explica por qu\u00e9 muchas personas mayores tienen <a href=\"https:\/\/pubmed.ncbi.nlm.nih.gov\/10344586\/\">sue\u00f1o m\u00e1s temprano por la tarde<\/a> y se <a href=\"https:\/\/pubmed.ncbi.nlm.nih.gov\/10087357\/\">despiertan muy pronto por la ma\u00f1ana<\/a>.<\/p>\n<p>Adem\u00e1s, las se\u00f1ales circadianas que inducen al descanso, como la secreci\u00f3n de melatonina o los cambios de temperatura corporal, se reducen, haciendo que <a href=\"https:\/\/pmc.ncbi.nlm.nih.gov\/articles\/PMC9181175\/\">el sue\u00f1o sea m\u00e1s vulnerable a interrupciones<\/a>.<\/p>\n<p>Aunque el envejecimiento biol\u00f3gico explica parte del fen\u00f3meno, el sue\u00f1o ligero no debe atribuirse \u00fanicamente a la edad. En las personas mayores aumenta la frecuencia del dolor cr\u00f3nico, las enfermedades respiratorias o cardiovasculares y la <a href=\"https:\/\/theconversation.com\/es-normal-levantarse-tanto-por-la-noche-para-orinar-225982\">nicturia<\/a> (necesidad frecuente de orinar por la noche), que pueden hacernos despertar. Adem\u00e1s, es habitual consumir alguno de los m\u00faltiples f\u00e1rmacos que alteran el sue\u00f1o.<\/p>\n<h2>\u00bfPor qu\u00e9 necesitamos el sue\u00f1o profundo?<\/h2>\n<p>La p\u00e9rdida de sue\u00f1o de ondas lentas no solo afecta a la sensaci\u00f3n subjetiva de descanso. Investigaciones recientes sugieren que este tipo de sue\u00f1o est\u00e1 implicado en procesos de limpieza metab\u00f3lica cerebral y en la salud cognitiva.<\/p>\n<p>Un estudio longitudinal publicado en <a href=\"https:\/\/pubmed.ncbi.nlm.nih.gov\/37902739\/\"><em>JAMA Neurology<\/em><\/a> encontr\u00f3 que la reducci\u00f3n del sue\u00f1o de ondas lentas se asociaba con un mayor riesgo de desarrollar demencia en adultos mayores, lo que refuerza la importancia de preservar la calidad del sue\u00f1o en el envejecimiento.<\/p>\n<p>Llegados a este punto, \u00bfqu\u00e9 se puede hacer para dormir \u201cm\u00e1s profundo\u201d al envejecer (sin caer en mitos)?<\/p>\n<p>Aunque parte de los cambios del sue\u00f1o forman parte del envejecimiento normal, existen estrategias eficaces para mejorar la continuidad y profundidad del sue\u00f1o en personas mayores, basadas en mecanismos fisiol\u00f3gicos bien descritos.<\/p>\n<h2>Luz matutina: reforzar el reloj biol\u00f3gico<\/h2>\n<p>La exposici\u00f3n a <a href=\"https:\/\/pmc.ncbi.nlm.nih.gov\/articles\/PMC6751071\/\">luz por la ma\u00f1ana, preferentemente luz natural<\/a>, es una de las intervenciones no farmacol\u00f3gicas mejor fundamentadas. La luz act\u00faa como el principal sincronizador (<em>zeitgeber<\/em>) del ritmo circadiano, reforzando la se\u00f1al de vigilia diurna y ayudando a que el sue\u00f1o nocturno se consolide.<\/p>\n<p>En adultos mayores, cuya <a href=\"https:\/\/pmc.ncbi.nlm.nih.gov\/articles\/PMC9181175\/\">se\u00f1al circadiana<\/a> suele ser m\u00e1s d\u00e9bil, la luz matutina ayuda a estabilizar los horarios de sue\u00f1o y a reducir despertares nocturnos. Estudios y revisiones en cronobiolog\u00eda del envejecimiento subrayan que una adecuada <a href=\"https:\/\/pmc.ncbi.nlm.nih.gov\/articles\/PMC2847788\/\">exposici\u00f3n lum\u00ednica<\/a> mejora la alineaci\u00f3n circadiana y la calidad del descanso.<\/p>\n<h2>Regularidad de horarios: el valor de la rutina<\/h2>\n<p>Mantener horarios regulares de acostarse y levantarse, incluso los fines de semana, es especialmente importante con la edad. El cerebro envejecido depende m\u00e1s de se\u00f1ales externas y rutinas conductuales para mantener la estabilidad del sue\u00f1o.<\/p>\n<p>Los trabajos cl\u00e1sicos de D. J. Dijk y J. F. Duffy demostraron que la interacci\u00f3n entre el <a href=\"https:\/\/pubmed.ncbi.nlm.nih.gov\/10344586\/\">ritmo circadiano<\/a> y la <a href=\"https:\/\/pubmed.ncbi.nlm.nih.gov\/10087357\/\">presi\u00f3n homeost\u00e1tica del sue\u00f1o<\/a> se vuelve m\u00e1s fr\u00e1gil con la edad. Por ello, la regularidad act\u00faa como un \u201candamiaje externo\u201d que compensa esta <a href=\"https:\/\/pmc.ncbi.nlm.nih.gov\/articles\/PMC9181175\/\">p\u00e9rdida de robustez circadiana<\/a>. Por el contrario, un horario irregular hace que el sue\u00f1o se fragmente.<\/p>\n<h2>Ejercicio y actividad diurna: aumentar la presi\u00f3n de sue\u00f1o<\/h2>\n<p>La actividad f\u00edsica regular, especialmente durante el d\u00eda, contribuye a mejorar la llamada presi\u00f3n homeost\u00e1tica del sue\u00f1o, es decir, la necesidad biol\u00f3gica de dormir que se acumula durante la vigilia. Llegar a la noche con suficiente \u201chambre de sue\u00f1o\u201d facilita un inicio m\u00e1s r\u00e1pido del sue\u00f1o y una mayor continuidad nocturna.<\/p>\n<p>Revisiones sistem\u00e1ticas indican que el <a href=\"https:\/\/pubmed.ncbi.nlm.nih.gov\/25596964\/\">ejercicio aer\u00f3bico<\/a> y de fuerza en personas mayores se asocia con mejoras en la eficiencia del sue\u00f1o y reducci\u00f3n de despertares, adem\u00e1s de proporcionar beneficios cardiovasculares y funcionales.<\/p>\n<h2>Identificar y tratar las causas de los despertares nocturnos<\/h2>\n<p>En cuanto a las <a href=\"https:\/\/pubmed.ncbi.nlm.nih.gov\/9224429\/\">se\u00f1ales de alarma<\/a>, el sue\u00f1o ligero merece una evaluaci\u00f3n cl\u00ednica cuando se acompa\u00f1a de somnolencia diurna intensa, ronquidos habituales con pausas respiratorias, despertares por sensaci\u00f3n de ahogo, movimientos molestos en piernas al acostarse, empeoramiento progresivo o impacto significativo en la calidad de vida.<\/p>\n<p>En estos casos, la causa subyacente suele ser identificable y potencialmente tratable, lo que puede mejorar de forma sustancial el descanso nocturno y la salud global.<\/p>\n<p>Un principio clave en geriatr\u00eda del sue\u00f1o es que despertarse con frecuencia no siempre es un problema primario del sue\u00f1o. El dolor cr\u00f3nico, el reflujo gastroesof\u00e1gico, la nicturia, <a href=\"https:\/\/theconversation.com\/apnea-del-sueno-pequenos-ahogos-con-graves-consecuencias-190845\">la apnea obstructiva del sue\u00f1o<\/a> y el <a href=\"https:\/\/theconversation.com\/sindrome-de-piernas-inquietas-un-problema-tan-comun-como-poco-diagnosticado-197448\">s\u00edndrome de piernas inquietas<\/a> son causas frecuentes de sue\u00f1o fragmentado en personas mayores.<\/p>\n<p>La evaluaci\u00f3n y el tratamiento dirigidos a mejorar estas condiciones pueden contribuir de forma notable a una mejor <a href=\"https:\/\/pubmed.ncbi.nlm.nih.gov\/29852897\/\">calidad del sue\u00f1o<\/a> sin necesidad de <a href=\"https:\/\/pubmed.ncbi.nlm.nih.gov\/9224429\/\">f\u00e1rmacos hipn\u00f3ticos<\/a>.<\/p>\n<h2>Precauci\u00f3n con los hipn\u00f3ticos: priorizar intervenciones no farmacol\u00f3gicas<\/h2>\n<p>El uso de hipn\u00f3ticos en personas mayores se asocia a mayor riesgo de ca\u00eddas, deterioro cognitivo, confusi\u00f3n y dependencia, especialmente cuando se consumen benzodiacepinas y f\u00e1rmacos Z. Por este motivo, las gu\u00edas cl\u00ednicas y revisiones recomiendan evitar su uso prolongado en este grupo de edad.<\/p>\n<p>La <a href=\"https:\/\/www.thelancet.com\/journals\/lancet\/article\/PIIS0140-6736(11)60750-2\/abstract\">terapia cognitivo-conductual<\/a> (TCC-I) es considerada el tratamiento de primera l\u00ednea para el insomnio cr\u00f3nico en adultos mayores, con eficacia demostrada y un perfil de seguridad claramente superior al de los f\u00e1rmacos.<\/p>\n<p>Por m\u00e1s que el refranero nos asegure que \u201cA la vejez se apoca el dormir y se aumenta el gru\u00f1ir\u201d, lograr que el cerebro envejecido tenga un buen descanso nocturno es posible.<!-- Below is The Conversation's page counter tag. Please DO NOT REMOVE. --><img loading=\"lazy\" decoding=\"async\" style=\"border: none !important; box-shadow: none !important; margin: 0 !important; max-height: 1px !important; max-width: 1px !important; min-height: 1px !important; min-width: 1px !important; opacity: 0 !important; outline: none !important; padding: 0 !important;\" src=\"https:\/\/counter.theconversation.com\/content\/273747\/count.gif?distributor=republish-lightbox-basic\" alt=\"The Conversation\" width=\"1\" height=\"1\" \/><!-- Fin del c\u00f3digo. Si no ve ning\u00fan c\u00f3digo arriba, por favor, obtenga el nuevo c\u00f3digo de la pesta\u00f1a Avanzado despu\u00e9s de hacer clic en el bot\u00f3n de republicar. El contador de p\u00e1ginas no recoge ning\u00fan dato personal. M\u00e1s informaci\u00f3n: http:\/\/theconversation.com\/es\/republishing-guidelines --><\/p>\n<h5><a href=\"https:\/\/theconversation.com\/profiles\/alvaro-astasio-picado-2205320\">\u00c1lvaro Astasio Picado<\/a>, Profesor de Enfermer\u00eda M\u00e9dico-Quir\u00fargica. Doctor en Biomedicina Aplicada., <em><a href=\"https:\/\/theconversation.com\/institutions\/universidad-de-castilla-la-mancha-3661\">Universidad de Castilla-La Mancha<\/a><\/em><\/h5>\n<h5>Este art\u00edculo fue publicado originalmente en <a href=\"https:\/\/theconversation.com\">The Conversation<\/a>.<\/h5>\n","protected":false},"excerpt":{"rendered":"<p>Muchas personas observan que, con el paso de los a\u00f1os, dormir \u201ccomo un ni\u00f1o\u201d se vuelve m\u00e1s dif\u00edcil. El sue\u00f1o parece menos profundo, los despertares nocturnos son m\u00e1s frecuentes y cualquier ruido leve o preocupaci\u00f3n puede interrumpir el descanso. Esta experiencia no es una simple percepci\u00f3n subjetiva: la ciencia del sue\u00f1o ha demostrado que el envejecimiento se asocia a cambios bien definidos en la estructura y la regulaci\u00f3n del sue\u00f1o. La arquitectura del sue\u00f1o cambia con la edad El sue\u00f1o humano se organiza en ciclos que incluyen fases de sue\u00f1o &hellip; <\/p>\n","protected":false},"author":4,"featured_media":30039,"comment_status":"open","ping_status":"open","sticky":false,"template":"","format":"standard","meta":{"footnotes":""},"categories":[1537],"tags":[],"class_list":["post-30036","post","type-post","status-publish","format-standard","has-post-thumbnail","hentry","category-salud","sent_by-alvaro-astasio-picado"],"_links":{"self":[{"href":"https:\/\/www.prospereando.es\/index.php\/wp-json\/wp\/v2\/posts\/30036","targetHints":{"allow":["GET"]}}],"collection":[{"href":"https:\/\/www.prospereando.es\/index.php\/wp-json\/wp\/v2\/posts"}],"about":[{"href":"https:\/\/www.prospereando.es\/index.php\/wp-json\/wp\/v2\/types\/post"}],"author":[{"embeddable":true,"href":"https:\/\/www.prospereando.es\/index.php\/wp-json\/wp\/v2\/users\/4"}],"replies":[{"embeddable":true,"href":"https:\/\/www.prospereando.es\/index.php\/wp-json\/wp\/v2\/comments?post=30036"}],"version-history":[{"count":3,"href":"https:\/\/www.prospereando.es\/index.php\/wp-json\/wp\/v2\/posts\/30036\/revisions"}],"predecessor-version":[{"id":30040,"href":"https:\/\/www.prospereando.es\/index.php\/wp-json\/wp\/v2\/posts\/30036\/revisions\/30040"}],"wp:featuredmedia":[{"embeddable":true,"href":"https:\/\/www.prospereando.es\/index.php\/wp-json\/wp\/v2\/media\/30039"}],"wp:attachment":[{"href":"https:\/\/www.prospereando.es\/index.php\/wp-json\/wp\/v2\/media?parent=30036"}],"wp:term":[{"taxonomy":"category","embeddable":true,"href":"https:\/\/www.prospereando.es\/index.php\/wp-json\/wp\/v2\/categories?post=30036"},{"taxonomy":"post_tag","embeddable":true,"href":"https:\/\/www.prospereando.es\/index.php\/wp-json\/wp\/v2\/tags?post=30036"}],"curies":[{"name":"wp","href":"https:\/\/api.w.org\/{rel}","templated":true}]}}