{"id":2999,"date":"2017-07-08T09:56:12","date_gmt":"2017-07-08T09:56:12","guid":{"rendered":"http:\/\/www.prospereando.es\/?p=2999"},"modified":"2017-10-08T18:38:28","modified_gmt":"2017-10-08T16:38:28","slug":"la-memoria-historica-in-memoriam-hans-gartner-mr-keuner","status":"publish","type":"post","link":"https:\/\/www.prospereando.es\/index.php\/2017\/07\/08\/la-memoria-historica-in-memoriam-hans-gartner-mr-keuner\/","title":{"rendered":"La Memoria Hist\u00f3rica In memoriam Hans G\u00e4rtner (Mr. Keuner)"},"content":{"rendered":"<p><img loading=\"lazy\" decoding=\"async\" width=\"380\" height=\"291\" id=\"wp-image-4181\" class=\"alignleft size-medium\" title=\"Hans\" src=\"http:\/\/www.prospereando.es\/wp-content\/uploads\/2017\/07\/5652a.jpg\" alt=\"Hans\" srcset=\"https:\/\/www.prospereando.es\/wp-content\/uploads\/2017\/07\/5652a.jpg 380w, https:\/\/www.prospereando.es\/wp-content\/uploads\/2017\/07\/5652a-300x230.jpg 300w\" sizes=\"auto, (max-width: 380px) 100vw, 380px\" \/><\/p>\n<p>\u00a1M\u00e1s vale tarde que nunca! y este dicho tanto vale para el dedicando de este art\u00edculo (tristemente fallecido el 29 de marzo pasado) como para el contenido del mismo.<\/p>\n<p>La memoria es el pasado, el presente y desde luego el futuro que se construye a partir de la memoria: hablo de la memoria psicol\u00f3gica y emocional que va unida a la memoria social, comunitaria en t\u00e9rminos anglosajones.<\/p>\n<p>La desgracia de las personas que pierden la memoria por demencias vasculares o mixtas, en edades avanzadas, es que realmente \u201cno saben quienes son\u201d, han perdido la cualidad fundamental del ser humano, la conciencia de s\u00ed, la conciencia del ser.<\/p>\n<p>Esto mismo es aplicable a las naciones, los estados y los pa\u00edses, los pueblos en definitiva.<\/p>\n<p>Nuestra \u201cLey de memoria hist\u00f3rica\u201d, 1 como se la conoce popularmente, es sin duda apropiada: si es correcta, suficiente o insuficiente forma parte de otro debate en el que ahora no voy a entrar, como tampoco voy a entrar en si se cumple o no, o si se dota econ\u00f3micamente o no. Pero s\u00ed quiero decir que, as\u00ed como las personas, los individuos que olvidan su pasado est\u00e1n \u201ccondenados\u201d a repetirlo y lo que es peor, sin conciencia, las comunidades, los pueblos que olvidan su Historia, est\u00e1n perdidos; no tener memoria de nuestro pasado reciente o remoto, es una inconsciencia para la construcci\u00f3n en convivencia de un pueblo.<\/p>\n<p>Me gustar\u00eda hablar de la lucha que tanto Hans como Gloria Cavanna, desde la Asociaci\u00f3n \u201cValle Incl\u00e1n\u201d, han venido realizando por dotar de reconocimiento y reparaci\u00f3n moral y social, a las personas que se comprometieron con la Democracia, tanto durante la II Rep\u00fablica, como durante la Guerra Civil, as\u00ed como la Postguerra, la larga Dictadura y la Transici\u00f3n y entrada en la Modernidad de nuestro Pa\u00eds.<\/p>\n<p>Una de las acciones concretas de estas luchas es la propuesta de nombres para las avenidas, calles, plazas y jardines de nuestro Distrito 2.<\/p>\n<p>Pero me gusta seguir insertando p\u00e1rrafos de la Ley, por ejemplo en la exposici\u00f3n de motivos:<\/p>\n<p><strong><em>El esp\u00edritu de reconciliaci\u00f3n y concordia, y de respeto al pluralismo y a la defensa pac\u00edfica de todas las ideas, que gui\u00f3 la Transici\u00f3n, nos permiti\u00f3 dotarnos de una Constituci\u00f3n, la de 1978, que tradujo jur\u00eddicamente esa voluntad de reencuentro de los espa\u00f1oles, articulando un Estado social y democr\u00e1tico de derecho con clara vocaci\u00f3n integradora.<\/em><\/strong><\/p>\n<p>Y m\u00e1s adelante:<\/p>\n<p><em>(\u2026) <strong>en dicho precepto se hace una proclamaci\u00f3n general del car\u00e1cter injusto de todas las condenas, sanciones y expresiones de violencia personal producidas, por motivos\u00a0 inequ\u00edvocamente pol\u00edticos o ideol\u00f3gicos, durante la Guerra Civil, as\u00ed como las que, por las mismas razones, tuvieron lugar en la Dictadura posterior.<\/strong><\/em><\/p>\n<p>&nbsp;<\/p>\n<p><em>(\u2026)<strong> En los art\u00edculos 5 a 9 se establece el reconocimiento de diversas mejoras de derechos econ\u00f3micos ya recogidos en nuestro Ordenamiento. En esta misma direcci\u00f3n, se prev\u00e9 el\u00a0 derecho a una indemnizaci\u00f3n en favor de todas aquellas personas que perdieron la vida en defensa de la democracia, de la democracia que hoy todos disfrutamos, y que no\u00a0 hab\u00edan recibido hasta ahora la compensaci\u00f3n debida<\/strong> (art. 10).<\/em><\/p>\n<p>Y para no extenderme demasiado con citaciones, termino con \u00e9sta:<\/p>\n<p><em>(\u2026) <strong>Se establecen, asimismo, una serie de medidas (arts. 15 y 16) en relaci\u00f3n con los s\u00edmbolos y monumentos conmemorativos de la Guerra Civil o de la Dictadura, sustentadas en el principio de evitar toda exaltaci\u00f3n de la sublevaci\u00f3n militar, de la Guerra Civil y de la represi\u00f3n de la Dictadura, en el convencimiento de que los ciudadanos tienen derecho a que as\u00ed sea, a que los s\u00edmbolos p\u00fablicos sean ocasi\u00f3n de encuentro y no de enfrentamiento, ofensa o agravio.<\/strong><\/em><\/p>\n<p>La Ley es de f\u00e1cil acceso en internet, de manera que no considero necesario extenderme m\u00e1s con citas de la misma, sin embargo, s\u00ed me parece importante resaltar el \u00e9nfasis que pone en algo que no est\u00e1 todav\u00eda incorporado a nuestro lenguaje cotidiano, la reparaci\u00f3n moral a las v\u00edctimas, que es precisamente donde se sit\u00faa el n\u00facleo de la Memoria.<\/p>\n<p>El controvertido Bert Hellinger -te\u00f3logo, pedagogo y fil\u00f3sofo conocido por ser el creador de las constelaciones familiares, una especie de psicodrama de fondo cristiano- da en el clavo cuando apunta hacia la reconciliaci\u00f3n entre \u201cv\u00edctimas y verdugos\u201d; recordemos la magn\u00edfica pel\u00edcula de Roman Polansky \u201cLa muerte y la doncella\u201d, tampoco exenta de controversias.<\/p>\n<p>Lo que quiero decir es que cambiar los nombres de los espacios comunes ciudadanos y comunitarios, es un gesto importante y hermoso, adem\u00e1s de necesario. No solamente nos reconcilia como sociedad, como pa\u00eds, como naci\u00f3n, sino que tambi\u00e9n nos pone en paz con nuestra conciencia; nos sit\u00faa en otro espacio m\u00e1s tranquilo, menos violento y ruidoso, m\u00e1s justo en suma.<\/p>\n<p>La asociaci\u00f3n Valle Incl\u00e1n, entre sus propuestas nominativas para nuestro Distrito incluye una \u201cArturo Manchado y Nieves Torres\u201d, mis padres, ambos luchadores incansables por la Democracia y Nieves represaliada en las c\u00e1rceles franquistas durante m\u00e1s de 16 a\u00f1os.<\/p>\n<p>Hans G\u00e4rtner fue un incansable defensor de la Ley, de propuestas municipales modernas y de esta propuesta en concreto.<\/p>\n<p>Quiero rendir homenaje a su memoria y reivindicar, tambi\u00e9n para \u00e9l, el nombre de una calle, plaza o jard\u00edn: el distrito, adem\u00e1s tiene una enormidad de espacios SIN NOMBRAR, que es, si cabe, a\u00fan peor, porque lo que no se nombra no existe, a Lacan me remito.<\/p>\n<p>&#8212;&#8212;&#8212;&#8212;&#8212;&#8212;&#8212;&#8212;&#8212;&#8212;<\/p>\n<p align=\"center\"><em>1- LEY 52\/2007, de 26 de diciembre, por la que se reconocen y ampl\u00edan derechos y se establecen medidas<br \/>\nen favor de quienes padecieron persecuci\u00f3n o violencia durante la guerra civil y la dictadura.<\/em><\/p>\n<div align=\"center\"><em>2- Chamart\u00edn, el cual por cierto mantiene todav\u00eda \u201cgloriosos\u201d nombres como Plaza de Arriba Espa\u00f1a o Ca\u00eddos de la Divisi\u00f3n Azul, por citar dos solamente. Parece que ya ha sido aprobado el cambio nominativo, aunque en los callejeros siguen figurando con esos nombres, que desde luego no inducen a la reconciliaci\u00f3n.<\/em><\/div>\n","protected":false},"excerpt":{"rendered":"<p> \u00a1M\u00e1s vale tarde que nunca! y este dicho tanto vale para el dedicando de este art\u00edculo (tristemente fallecido el 29 de marzo pasado) como para el contenido del mismo.<\/p>\n","protected":false},"author":1,"featured_media":4181,"comment_status":"closed","ping_status":"open","sticky":false,"template":"","format":"standard","meta":{"footnotes":""},"categories":[6],"tags":[],"class_list":["post-2999","post","type-post","status-publish","format-standard","has-post-thumbnail","hentry","category-sociedad","sent_by-marisa-manchado-torres"],"_links":{"self":[{"href":"https:\/\/www.prospereando.es\/index.php\/wp-json\/wp\/v2\/posts\/2999","targetHints":{"allow":["GET"]}}],"collection":[{"href":"https:\/\/www.prospereando.es\/index.php\/wp-json\/wp\/v2\/posts"}],"about":[{"href":"https:\/\/www.prospereando.es\/index.php\/wp-json\/wp\/v2\/types\/post"}],"author":[{"embeddable":true,"href":"https:\/\/www.prospereando.es\/index.php\/wp-json\/wp\/v2\/users\/1"}],"replies":[{"embeddable":true,"href":"https:\/\/www.prospereando.es\/index.php\/wp-json\/wp\/v2\/comments?post=2999"}],"version-history":[{"count":4,"href":"https:\/\/www.prospereando.es\/index.php\/wp-json\/wp\/v2\/posts\/2999\/revisions"}],"predecessor-version":[{"id":7833,"href":"https:\/\/www.prospereando.es\/index.php\/wp-json\/wp\/v2\/posts\/2999\/revisions\/7833"}],"wp:featuredmedia":[{"embeddable":true,"href":"https:\/\/www.prospereando.es\/index.php\/wp-json\/wp\/v2\/media\/4181"}],"wp:attachment":[{"href":"https:\/\/www.prospereando.es\/index.php\/wp-json\/wp\/v2\/media?parent=2999"}],"wp:term":[{"taxonomy":"category","embeddable":true,"href":"https:\/\/www.prospereando.es\/index.php\/wp-json\/wp\/v2\/categories?post=2999"},{"taxonomy":"post_tag","embeddable":true,"href":"https:\/\/www.prospereando.es\/index.php\/wp-json\/wp\/v2\/tags?post=2999"}],"curies":[{"name":"wp","href":"https:\/\/api.w.org\/{rel}","templated":true}]}}