{"id":2986,"date":"2017-04-13T20:27:43","date_gmt":"2017-04-13T20:27:43","guid":{"rendered":"http:\/\/www.prospereando.es\/?p=2986"},"modified":"2022-04-23T02:58:37","modified_gmt":"2022-04-23T00:58:37","slug":"luces-largas","status":"publish","type":"post","link":"https:\/\/www.prospereando.es\/index.php\/2017\/04\/13\/luces-largas\/","title":{"rendered":"Luces largas"},"content":{"rendered":"<p>&nbsp;<\/p>\n<p>El \u00e1mbito de la salud es uno de los m\u00e1s f\u00e9rtiles con los que podemos encontrarnos, tanto en su aspecto cient\u00edfico como social y cultural. Desde una perspectiva vital y simb\u00f3lica ofrece para nosotros una connotaci\u00f3n de debilidad, fragilidad y esterilidad, si atendemos a los aspectos deficitarios o carenciales de esa dimensi\u00f3n vital. Pocas cosas nos hacen sentirnos m\u00e1s vulnerables y limitados que una enfermedad pertinaz y dolorosa. Aunque tambi\u00e9n es cierto que los momentos de plenitud y salud integral nos sostienen \u2013con su presencia directa y tambi\u00e9n en el recuerdo- y nos aportan energ\u00eda y esperanza.<\/p>\n<p>Me parece, pues, que conviene situarse con claridad en el recinto de la inalienable singularidad personal, que es el n\u00facleo de todas nuestras realizaciones. En dicho n\u00facleo se asientan las experiencias afectivas en toda su complejidad y riqueza. Y en el centro de ese n\u00facleo se encuentra el amor de pareja con su densidad de significado y pluralidad de expresi\u00f3n. La cl\u00e1sica y tradicional referencia puede traducirse y ampliarse en realidades de car\u00e1cter colectivo como \u201cel amor a los dem\u00e1s\u201d o \u201cel compromiso con la sociedad\u201d. No estar\u00e1 de m\u00e1s recordar las dimensiones de esa singularidad personal. Una de ellas es la dimensi\u00f3n religiosa o trascendente, v\u00e1lida para las personas creyentes y para quienes asumen una racionalidad vital de fondo que se consuma en un dinamismo de profundidad y de sentido. Otra es la dimensi\u00f3n horizontal, que articula las relaciones personales de amplio o menor alcance. Y una tercera dimensi\u00f3n es la perspectiva social o de compromiso plural y din\u00e1mico con el colectivo humano.<\/p>\n<p>Estas dimensiones encierran a su vez valores que son operativos para la vida personal y comunitaria y que contienen un dinamismo transversal, como son la responsabilidad y el entusiasmo -entre otros-, y que constituyen simb\u00f3licamente las luces largas de nuestra trayectoria existencial en una perspectiva de alcance m\u00e1s all\u00e1 de lo jnmediato y cotidiano.<\/p>\n<p>Las actitudes profundas de serenidad y modestia son el suelo o caldo de cultivo de este dinamismo transformador, a las que siempre acecha la tentaci\u00f3n de la mediocridad y la rutina, o de la impotencia y resignaci\u00f3n ante el panorama asfixiante de la realidad y el ajetreo de la vida.<\/p>\n<p>Ese panorama nos sit\u00faa muchas veces en las ant\u00edpodas de una felicidad que dista de ser evidente, pero que dispone de correctivos \u00fatiles y de apoyos imprescindibles. Son las que llamo luces largas que penetran en la noche, superando el inmediatismo y la apariencia, entrando en el \u00e1mbito de la prudencia y la sabidur\u00eda para la vida cotidiana. En esa b\u00fasqueda de una felicidad bien definida radica y se desarrolla nuestra esperanza.<\/p>\n","protected":false},"excerpt":{"rendered":"<p> El \u00e1mbito de la salud es uno de los m\u00e1s f\u00e9rtiles con los que podemos encontrarnos, tanto en su aspecto cient\u00edfico como social y cultural.<\/p>\n","protected":false},"author":1,"featured_media":0,"comment_status":"closed","ping_status":"open","sticky":false,"template":"","format":"standard","meta":{"footnotes":""},"categories":[6],"tags":[],"class_list":["post-2986","post","type-post","status-publish","format-standard","hentry","category-sociedad","sent_by-santiago-s-torrado"],"_links":{"self":[{"href":"https:\/\/www.prospereando.es\/index.php\/wp-json\/wp\/v2\/posts\/2986","targetHints":{"allow":["GET"]}}],"collection":[{"href":"https:\/\/www.prospereando.es\/index.php\/wp-json\/wp\/v2\/posts"}],"about":[{"href":"https:\/\/www.prospereando.es\/index.php\/wp-json\/wp\/v2\/types\/post"}],"author":[{"embeddable":true,"href":"https:\/\/www.prospereando.es\/index.php\/wp-json\/wp\/v2\/users\/1"}],"replies":[{"embeddable":true,"href":"https:\/\/www.prospereando.es\/index.php\/wp-json\/wp\/v2\/comments?post=2986"}],"version-history":[{"count":1,"href":"https:\/\/www.prospereando.es\/index.php\/wp-json\/wp\/v2\/posts\/2986\/revisions"}],"predecessor-version":[{"id":20138,"href":"https:\/\/www.prospereando.es\/index.php\/wp-json\/wp\/v2\/posts\/2986\/revisions\/20138"}],"wp:attachment":[{"href":"https:\/\/www.prospereando.es\/index.php\/wp-json\/wp\/v2\/media?parent=2986"}],"wp:term":[{"taxonomy":"category","embeddable":true,"href":"https:\/\/www.prospereando.es\/index.php\/wp-json\/wp\/v2\/categories?post=2986"},{"taxonomy":"post_tag","embeddable":true,"href":"https:\/\/www.prospereando.es\/index.php\/wp-json\/wp\/v2\/tags?post=2986"}],"curies":[{"name":"wp","href":"https:\/\/api.w.org\/{rel}","templated":true}]}}