{"id":29684,"date":"2026-03-17T16:27:41","date_gmt":"2026-03-17T15:27:41","guid":{"rendered":"https:\/\/www.prospereando.es\/?p=29684"},"modified":"2026-03-27T12:15:50","modified_gmt":"2026-03-27T11:15:50","slug":"efectos-mas-frecuentes-del-edadismo-sobre-las-mujeres-en-el-sistema-patriarcal","status":"publish","type":"post","link":"https:\/\/www.prospereando.es\/index.php\/2026\/03\/17\/efectos-mas-frecuentes-del-edadismo-sobre-las-mujeres-en-el-sistema-patriarcal\/","title":{"rendered":"Efectos del edadismo en las mujeres en el sistema patriarcal"},"content":{"rendered":"<p>Quer\u00e1moslo o no, continuamos viviendo en un sistema patriarcal. Son excepciones a\u00fan las mujeres que est\u00e1n en la c\u00faspide de la ciencia, econom\u00eda, la pol\u00edtica o las instituciones en general.<\/p>\n<p>A<img loading=\"lazy\" decoding=\"async\" class=\"size-medium wp-image-29685 alignleft\" src=\"http:\/\/www.prospereando.es\/wp-content\/uploads\/2026\/03\/woman-100343_640-300x225.jpg\" alt=\"\" width=\"300\" height=\"225\" srcset=\"https:\/\/www.prospereando.es\/wp-content\/uploads\/2026\/03\/woman-100343_640-300x225.jpg 300w, https:\/\/www.prospereando.es\/wp-content\/uploads\/2026\/03\/woman-100343_640.jpg 640w\" sizes=\"auto, (max-width: 300px) 100vw, 300px\" \/>s\u00ed a pesar de los logros derivados de la lucha de las sufragistas a partir del siglo XIX tanto en los Estados Unidos americanos como en algunos pa\u00edses europeos, las mujeres nos hallamos en un estado de sumisi\u00f3n y desigualdad al total masculino. A ello se une el hecho de que la vejez es una etapa de la vida de las personas desatendida, ignorada: \u201cBueno ya llegar\u00e1\u201d, suele decirse, y por ello incomprendida, no tenida en cuenta por las<br \/>\nprecedentes y, por tanto, desconocida, pero adem\u00e1s menospreciados sus componentes, cuando no rechazados, o, como mucho, tratados desde la superioridad de los no viejos, es decir a trav\u00e9s del edadismo que arroja ideas de rechazo y desagrado, basados en las creencias estereotipadas de minusval\u00eda, incapacidad, dependencia, e incluso fealdad y enfermedad de los-las individuas que pertenecemos a estas capas de poblaci\u00f3n.<\/p>\n<p>Y esta realidad, trasmitida a trav\u00e9s de los tiempos, la tienen asumida como tal, tanto m\u00e1s las viejas que los viejos y contribuyen a reproducirlas consigo mismas, mismos y con sus cong\u00e9neres, perpetuando as\u00ed todo el problema.<\/p>\n<p>Adem\u00e1s, se considera a viejas y viejos como si todos ellos conformasen un mismo bloque homog\u00e9neo, negando las caracter\u00edsticas individuales de cada cual, utilizando un criterio de uniformidad inapelable, permanente y estigmatizado. Lo dicho, permea todas las instancias sociales, desde la familia a todas las facetas de la vida en com\u00fan, instituciones y organismos p\u00fablicos y privados.<\/p>\n<p>En reuniones de conversaci\u00f3n amistosa, donde solo se encuentra una anciana, sus opiniones o intervenciones, quedan solapadas por todas las dem\u00e1s, a no ser que alguien vea su intenci\u00f3n de hacerse o\u00edr y se convierta en su portavoz trasmitiendo su intervenci\u00f3n.<\/p>\n<p>Las muestras de paternalismo o superioridad tambi\u00e9n se perciben a trav\u00e9s de c\u00f3mo nuestros nombres se traducen al diminutivo, como si fueran muestras de cari\u00f1o infantiliz\u00e1ndonos es decir remiti\u00e9ndonos a la categor\u00eda de ni\u00f1as y a la etapa infantil, donde los m\u00e1s j\u00f3venes tienen la palabra y determinan los hechos.<br \/>\nEn caso de que en una conversaci\u00f3n perdamos alguna frase y pidamos su repetici\u00f3n, se nos suele contestar alzando mucho la voz, como si por el hecho de ser viejas seamos necesariamente sordas tambi\u00e9n<\/p>\n<p>Suele trat\u00e1rsenos frecuentemente sin serlo como \u201cabuelas o abuelitas\u201d, como si por\u00a0 la edad tuvi\u00e9ramos la obligaci\u00f3n de cuidar de los ni\u00f1os, nos agraden o no: \u201cel canguro sin sueldo\u201d, que suele decirse.<\/p>\n<p>En una consulta m\u00e9dica, de las m\u00e1s habituales en la sanidad p\u00fablica al menos, es decir r\u00e1pida y poco atenta por parte del profesional es muy frecuente que lo que trasmitimos como dolencias se atribuyan a \u201cnuestra larga edad\u201d y si acudimos acompa\u00f1adas de alguien m\u00e1s joven, se establece con \u00e9l la conversaci\u00f3n que debiera dirigirse a nosotras, as\u00ed como las recomendaciones a seguir si se contemplan.<\/p>\n<p>Si en un comercio hay una fila m\u00e1s o menos larga para pagar en la caja y no atinamos enseguida a dar nuestro dinero o la tarjeta de pago, se nos advierte sin miramientos que dejemos pasar a quien va detr\u00e1s de nosotras y que se nos atender\u00e1 despu\u00e9s.<\/p>\n<p>En fin, no comentemos ya la exclusi\u00f3n habitual de cometidos o tareas que entra\u00f1an cierta responsabilidad, aunque ya las hayamos realizado antes, que por lo com\u00fan se encargar\u00e1n a personas m\u00e1s<br \/>\nj\u00f3venes por razones de edad, aunque estas carezcan de<br \/>\nconocimientos que las avale.<\/p>\n<p><strong>\u00bfPero c\u00f3mo combatir semejantes iniquidades?<\/strong><\/p>\n<p>Quiz\u00e1 deberemos comenzar como siempre, por la autocr\u00edtica personal, reconociendo y combatiendo nuestro propio edadismo y el que se da entre nuestras personas propias y desde estos inicios pasar a lo colectivo, aprovechando todos los lugares momentos y oportunidades desde donde podamos hacernos o\u00edr para divulgar<br \/>\nnuestro mensaje, y hacer que prospere lo antes posible<\/p>\n<p>Carmen S\u00e1ez Buenaventura es psiquiatra<\/p>\n","protected":false},"excerpt":{"rendered":"<p>Quer\u00e1moslo o no, continuamos viviendo en un sistema patriarcal. Son excepciones a\u00fan las mujeres que est\u00e1n en la c\u00faspide de la ciencia, econom\u00eda, la pol\u00edtica o las instituciones en general. As\u00ed a pesar de los logros derivados de la lucha de las sufragistas a partir del siglo XIX tanto en los Estados Unidos americanos como en algunos pa\u00edses europeos, las mujeres nos hallamos en un estado de sumisi\u00f3n y desigualdad al total masculino. A ello se une el hecho de que la vejez es una etapa de la vida de &hellip; <\/p>\n","protected":false},"author":4,"featured_media":29685,"comment_status":"open","ping_status":"open","sticky":false,"template":"","format":"standard","meta":{"footnotes":""},"categories":[6],"tags":[],"class_list":["post-29684","post","type-post","status-publish","format-standard","has-post-thumbnail","hentry","category-sociedad","sent_by-por-carmen-saez-buenaventura"],"_links":{"self":[{"href":"https:\/\/www.prospereando.es\/index.php\/wp-json\/wp\/v2\/posts\/29684","targetHints":{"allow":["GET"]}}],"collection":[{"href":"https:\/\/www.prospereando.es\/index.php\/wp-json\/wp\/v2\/posts"}],"about":[{"href":"https:\/\/www.prospereando.es\/index.php\/wp-json\/wp\/v2\/types\/post"}],"author":[{"embeddable":true,"href":"https:\/\/www.prospereando.es\/index.php\/wp-json\/wp\/v2\/users\/4"}],"replies":[{"embeddable":true,"href":"https:\/\/www.prospereando.es\/index.php\/wp-json\/wp\/v2\/comments?post=29684"}],"version-history":[{"count":5,"href":"https:\/\/www.prospereando.es\/index.php\/wp-json\/wp\/v2\/posts\/29684\/revisions"}],"predecessor-version":[{"id":29827,"href":"https:\/\/www.prospereando.es\/index.php\/wp-json\/wp\/v2\/posts\/29684\/revisions\/29827"}],"wp:featuredmedia":[{"embeddable":true,"href":"https:\/\/www.prospereando.es\/index.php\/wp-json\/wp\/v2\/media\/29685"}],"wp:attachment":[{"href":"https:\/\/www.prospereando.es\/index.php\/wp-json\/wp\/v2\/media?parent=29684"}],"wp:term":[{"taxonomy":"category","embeddable":true,"href":"https:\/\/www.prospereando.es\/index.php\/wp-json\/wp\/v2\/categories?post=29684"},{"taxonomy":"post_tag","embeddable":true,"href":"https:\/\/www.prospereando.es\/index.php\/wp-json\/wp\/v2\/tags?post=29684"}],"curies":[{"name":"wp","href":"https:\/\/api.w.org\/{rel}","templated":true}]}}