{"id":29676,"date":"2026-03-16T14:50:10","date_gmt":"2026-03-16T13:50:10","guid":{"rendered":"https:\/\/www.prospereando.es\/?p=29676"},"modified":"2026-03-16T14:50:10","modified_gmt":"2026-03-16T13:50:10","slug":"cosas-de-la-apolitica","status":"publish","type":"post","link":"https:\/\/www.prospereando.es\/index.php\/2026\/03\/16\/cosas-de-la-apolitica\/","title":{"rendered":"Cosas de la apol\u00edtica"},"content":{"rendered":"<p>No me terminan de sorprender los apa\u00f1os de la pol\u00edtica. Me refiero a que siempre,<br \/>\nlos pol\u00edticos tienden a sacar beneficios, a \u201cchupar del bote\u201d. No me refiero a que nos<br \/>\ndejen las arcas vac\u00edas por sus ocurrencias, que tambi\u00e9n. Ahora mi sorpresa viene guiada<br \/>\npor la patada a la l\u00f3gica y a la cultura de la consejera de educaci\u00f3n de esta comunidad.<br \/>\nTodos sabemos que, en la actualidad, hay que solicitar el permiso para grabar o<br \/>\nfotografiar a los asistentes a un evento. En el caso de los menores se solicita la<br \/>\nautorizaci\u00f3n a los padres o tutores.<\/p>\n<p>Hace unos d\u00edas, los responsables de alumnos del colegio Pintor Rosales, en nuestro<br \/>\ndistrito, no vieron oportuno dar el permiso para que sus v\u00e1stagos fueran grabados<br \/>\ndurante un evento de danza protagonizado por el alumnado, ya que la consejera de<br \/>\neducaci\u00f3n asistir\u00eda a ese espect\u00e1culo infantil cuyos protagonistas eran parte de los<br \/>\nalumnos de primaria.<br \/>\nA muchos de los padres y tutores no les pareci\u00f3 oportuno que sus chavales fueran<br \/>\ncarnaza de los medios y sirvieran de publicidad pol\u00edtica y no dieron su aprobaci\u00f3n para<br \/>\nque fueran grabados. Creo que muchas de nosotras lo entendemos. Son peques y hay<br \/>\nque preservarles de los medios, adem\u00e1s, en plena actuaci\u00f3n cualquiera podemos<br \/>\nponernos de los nervios, confundirnos y confundir a los dem\u00e1s si estamos pendientes de<br \/>\nlas c\u00e1maras.<br \/>\nHubo muchas familias que, por estos u otros motivos, criterios todos v\u00e1lidos, no<br \/>\nfirmaron la autorizaci\u00f3n para que fueran grabados sus hijos.<br \/>\nEsto supuso algo muy fuerte, un duro rev\u00e9s para la pol\u00edtica reci\u00e9n llegada. Algo que su<br \/>\nego o el de su curr\u00edculo de imagen no pod\u00eda permitir. Por tanto, tras haber aceptado<br \/>\nasistir, dio una vuelta a la idea y, donde dijo digo\u2026 Anulando su presencia en el acto<br \/>\nart\u00edstico y cultural del colegio.<br \/>\nDebemos destacar el grado de humildad de algunos pol\u00edticos, la capacidad de<br \/>\nadaptaci\u00f3n a los intereses de los menores y en cu\u00e1nto valora dicha consejera el<br \/>\ndesarrollo de las artes en los colegios p\u00fablicos.<\/p>\n<p>El gabinete de prensa tiene que trabajar, pero lo puede hacer en diferido. Una sola<br \/>\nfotograf\u00eda del espacio con los alumnos que sus padres aceptaron que les grabaran y<br \/>\npunto pelota.<\/p>\n<p>Ahora que estamos en \u00e9pocas de premios, deber\u00edamos considerar el \u00d3scar a la<br \/>\nconsejer\u00eda de educaci\u00f3n por su falta de tal. El cl\u00e1sico, dime de lo que presumes\u2026<br \/>\nLo cierto es que este ejemplo de comportamiento puede llevar a ciertos seres humanos a<br \/>\nsufrir una especie de verg\u00fcenza torera. No digo a dimitir, no es para tanto, pero s\u00ed para<br \/>\nhac\u00e9rselo mirar. Pudiera ser interesante el crear una especialidad m\u00e9dica sobre el h\u00edper<br \/>\noportunismo pol\u00edtico y su relaci\u00f3n con la falta de empat\u00eda y de acciones para la mejora<br \/>\nde la educaci\u00f3n. Esta Comunidad tendr\u00eda que valorarlo y ponerse a ello, en beneficio de<br \/>\nla ciudadan\u00eda.<br \/>\nPuede que, como en este momento todo vale, se est\u00e9 ejerciendo la Apol\u00edtica en la<br \/>\nAconsejer\u00eda de Aeducaci\u00f3n.<\/p>\n<p>Flato me da pensar en el futuro que les viene a nuestros infantes, ante tanta estulticia<br \/>\npol\u00edticastra.<\/p>\n","protected":false},"excerpt":{"rendered":"<p>No me terminan de sorprender los apa\u00f1os de la pol\u00edtica. Me refiero a que siempre, los pol\u00edticos tienden a sacar beneficios, a \u201cchupar del bote\u201d. No me refiero a que nos dejen las arcas vac\u00edas por sus ocurrencias, que tambi\u00e9n. Ahora mi sorpresa viene guiada por la patada a la l\u00f3gica y a la cultura de la consejera de educaci\u00f3n de esta comunidad. Todos sabemos que, en la actualidad, hay que solicitar el permiso para grabar o fotografiar a los asistentes a un evento. En el caso de los menores &hellip; <\/p>\n","protected":false},"author":4,"featured_media":0,"comment_status":"open","ping_status":"open","sticky":false,"template":"","format":"standard","meta":{"footnotes":""},"categories":[22],"tags":[],"class_list":["post-29676","post","type-post","status-publish","format-standard","hentry","category-editorial"],"_links":{"self":[{"href":"https:\/\/www.prospereando.es\/index.php\/wp-json\/wp\/v2\/posts\/29676","targetHints":{"allow":["GET"]}}],"collection":[{"href":"https:\/\/www.prospereando.es\/index.php\/wp-json\/wp\/v2\/posts"}],"about":[{"href":"https:\/\/www.prospereando.es\/index.php\/wp-json\/wp\/v2\/types\/post"}],"author":[{"embeddable":true,"href":"https:\/\/www.prospereando.es\/index.php\/wp-json\/wp\/v2\/users\/4"}],"replies":[{"embeddable":true,"href":"https:\/\/www.prospereando.es\/index.php\/wp-json\/wp\/v2\/comments?post=29676"}],"version-history":[{"count":1,"href":"https:\/\/www.prospereando.es\/index.php\/wp-json\/wp\/v2\/posts\/29676\/revisions"}],"predecessor-version":[{"id":29677,"href":"https:\/\/www.prospereando.es\/index.php\/wp-json\/wp\/v2\/posts\/29676\/revisions\/29677"}],"wp:attachment":[{"href":"https:\/\/www.prospereando.es\/index.php\/wp-json\/wp\/v2\/media?parent=29676"}],"wp:term":[{"taxonomy":"category","embeddable":true,"href":"https:\/\/www.prospereando.es\/index.php\/wp-json\/wp\/v2\/categories?post=29676"},{"taxonomy":"post_tag","embeddable":true,"href":"https:\/\/www.prospereando.es\/index.php\/wp-json\/wp\/v2\/tags?post=29676"}],"curies":[{"name":"wp","href":"https:\/\/api.w.org\/{rel}","templated":true}]}}