{"id":29671,"date":"2026-03-16T11:31:08","date_gmt":"2026-03-16T10:31:08","guid":{"rendered":"https:\/\/www.prospereando.es\/?p=29671"},"modified":"2026-03-16T11:31:08","modified_gmt":"2026-03-16T10:31:08","slug":"jurgen-habermas-un-filosofo-para-tiempos-inciertos","status":"publish","type":"post","link":"https:\/\/www.prospereando.es\/index.php\/2026\/03\/16\/jurgen-habermas-un-filosofo-para-tiempos-inciertos\/","title":{"rendered":"J\u00fcrgen Habermas un fil\u00f3sofo para tiempos inciertos"},"content":{"rendered":"<p>El s\u00e1bado, 14 de marzo, nos dej\u00f3 el fil\u00f3sofo alem\u00e1n J\u00fcrgen Habermas con 95 a\u00f1os de edad.<br \/>\nNacido en D\u00fcsseldorf en 1929, <strong>Habermas<\/strong> era la cabeza visible de la denominada \u201csegunda<br \/>\ngeneraci\u00f3n\u201d de la prestigiosa Escuela de Frankfurt, fundada por Theodor W. Adorno, Max<br \/>\nHorkheimer e inspirada en la distancia por Walter Benjamin. El legado intelectual dejado por<br \/>\n<strong>Habermas<\/strong> a las generaciones posteriores es inmenso y enormemente valioso.<br \/>\nS<img loading=\"lazy\" decoding=\"async\" class=\"size-medium wp-image-29673 alignleft\" src=\"http:\/\/www.prospereando.es\/wp-content\/uploads\/2026\/03\/jurgen_habermas_1513925-209x300.jpg\" alt=\"Jurgen Habermas\" width=\"209\" height=\"300\" srcset=\"https:\/\/www.prospereando.es\/wp-content\/uploads\/2026\/03\/jurgen_habermas_1513925-209x300.jpg 209w, https:\/\/www.prospereando.es\/wp-content\/uploads\/2026\/03\/jurgen_habermas_1513925.jpg 349w\" sizes=\"auto, (max-width: 209px) 100vw, 209px\" \/>u pensamiento, elaborado a trav\u00e9s de un largo proceso de sesenta a\u00f1os reflexionando y<br \/>\nescribiendo, se divide en tres fases. Una primera fase, de la d\u00e9cada de los 50 a la de los 80, es<br \/>\nuna fase marxista en la que <strong>Habermas<\/strong> reflexiona sobre lo que podr\u00edamos denominar un<br \/>\n\u201cmarxismo incierto\u201d. Se trata de un marxismo flexible, no dogm\u00e1tico, que gira alrededor de los<br \/>\nproblemas morales y pol\u00edticos inherentes a su implantaci\u00f3n en el mundo social emp\u00edrico,<br \/>\ngobernado por lo que \u00e9l mismo llama un \u201ccapitalismo tard\u00edo\u201d con crecientes problemas de<br \/>\nlegitimaci\u00f3n.<br \/>\nUna segunda fase, que se extiende hasta los a\u00f1os 2000 y siguientes, registra una creciente<br \/>\npreocupaci\u00f3n sociol\u00f3gica por parte de <strong>Habermas<\/strong>, que centra su atenci\u00f3n decididamente en<br \/>\nlos problemas de la democracia que \u00e9l llama deliberativa. Em esta fase, en la que <strong>Habermas<\/strong> se<br \/>\napoya en la reflexi\u00f3n de Max Weber y Talcott Parsons, define su propio sistema como una<br \/>\n`teor\u00eda de la acci\u00f3n comunicativa \u0301 y sienta las bases para el establecimiento de una verdadera<br \/>\ncomunicaci\u00f3n democr\u00e1tica. Seg\u00fan <strong>Habermas<\/strong>, la condici\u00f3n de posibilidad de una verdadera<br \/>\ncomunicaci\u00f3n entre los individuos capaz de superar las apor\u00edas de las sociedades capitalistas<br \/>\nson la honestidad y el car\u00e1cter irrestricto de la comunicaci\u00f3n.<br \/>\nY una tercera fase, hasta el final de sus d\u00edas, refleja una extensa preocupaci\u00f3n por parte de<br \/>\n<strong>Habermas<\/strong> por problemas de muy diversa \u00edndole en los que se echa de ver la impronta de su<br \/>\npensamiento cr\u00edtico y \u00e9tico de la realidad social existente. Problemas como el fascismo, el<br \/>\ntotalitarismo, la eutanasia, la clonaci\u00f3n, los movimientos de liberaci\u00f3n social, la inclusi\u00f3n del<br \/>\notro, la religi\u00f3n dentro de la esfera institucional, etc., son objetos de reflexi\u00f3n por parte de<br \/>\nJ\u00fcrgen Habermas.<br \/>\nSu pensamiento ha sido y seguir\u00e1 siendo en el futuro una gran fuente de inspiraci\u00f3n para todas<br \/>\nlas generaciones que han tenido la suerte de conocer y compartir su reflexi\u00f3n. Objeto de<br \/>\ngrandes adhesiones, pero tambi\u00e9n de importantes discrepancias (sobre todo por parte de los<br \/>\nmiembros de la denominada \u201ctercera generaci\u00f3n de la Escuela de Frankfurt\u201d con Axel Honneth<\/p>\n<p>a la cabeza), J\u00fcrgen Habermas ha representado la virtud del buen fil\u00f3sofo, que no se esconde<br \/>\nen la ret\u00f3rica de las grandes frases vac\u00edas ni se encierra en su torre de marfil, sino que planta<br \/>\ncara a los problemas ofreciendo enfoques y soluciones de enorme utilidad sin descuidar el<br \/>\nflanco propiamente filos\u00f3fico de la reflexi\u00f3n. Prueba de ello es que durante los \u00faltimos a\u00f1os<br \/>\nde su vida estaba enfrascado en la confecci\u00f3n de una historia de la filosof\u00eda de la que ya nos<br \/>\nhab\u00eda ofrecido los primeros vol\u00famenes.<br \/>\nSu muerte, en fin, viene a recordarnos aquello que afirmaba S\u00f3crates que el propio <strong>Habermas<\/strong><br \/>\nhab\u00eda hecho un lema para su propia vida: una vida sin \u00e9tica y sin reflexi\u00f3n no vale la pena.<\/p>\n","protected":false},"excerpt":{"rendered":"<p>El s\u00e1bado, 14 de marzo, nos dej\u00f3 el fil\u00f3sofo alem\u00e1n J\u00fcrgen Habermas con 95 a\u00f1os de edad. Nacido en D\u00fcsseldorf en 1929, Habermas era la cabeza visible de la denominada \u201csegunda generaci\u00f3n\u201d de la prestigiosa Escuela de Frankfurt, fundada por Theodor W. Adorno, Max Horkheimer e inspirada en la distancia por Walter Benjamin. El legado intelectual dejado por Habermas a las generaciones posteriores es inmenso y enormemente valioso. Su pensamiento, elaborado a trav\u00e9s de un largo proceso de sesenta a\u00f1os reflexionando y escribiendo, se divide en tres fases. Una primera &hellip; <\/p>\n","protected":false},"author":4,"featured_media":29673,"comment_status":"open","ping_status":"open","sticky":false,"template":"","format":"standard","meta":{"footnotes":""},"categories":[6],"tags":[],"class_list":["post-29671","post","type-post","status-publish","format-standard","has-post-thumbnail","hentry","category-sociedad","sent_by-luis-martinez-de-velasco"],"_links":{"self":[{"href":"https:\/\/www.prospereando.es\/index.php\/wp-json\/wp\/v2\/posts\/29671","targetHints":{"allow":["GET"]}}],"collection":[{"href":"https:\/\/www.prospereando.es\/index.php\/wp-json\/wp\/v2\/posts"}],"about":[{"href":"https:\/\/www.prospereando.es\/index.php\/wp-json\/wp\/v2\/types\/post"}],"author":[{"embeddable":true,"href":"https:\/\/www.prospereando.es\/index.php\/wp-json\/wp\/v2\/users\/4"}],"replies":[{"embeddable":true,"href":"https:\/\/www.prospereando.es\/index.php\/wp-json\/wp\/v2\/comments?post=29671"}],"version-history":[{"count":3,"href":"https:\/\/www.prospereando.es\/index.php\/wp-json\/wp\/v2\/posts\/29671\/revisions"}],"predecessor-version":[{"id":29675,"href":"https:\/\/www.prospereando.es\/index.php\/wp-json\/wp\/v2\/posts\/29671\/revisions\/29675"}],"wp:featuredmedia":[{"embeddable":true,"href":"https:\/\/www.prospereando.es\/index.php\/wp-json\/wp\/v2\/media\/29673"}],"wp:attachment":[{"href":"https:\/\/www.prospereando.es\/index.php\/wp-json\/wp\/v2\/media?parent=29671"}],"wp:term":[{"taxonomy":"category","embeddable":true,"href":"https:\/\/www.prospereando.es\/index.php\/wp-json\/wp\/v2\/categories?post=29671"},{"taxonomy":"post_tag","embeddable":true,"href":"https:\/\/www.prospereando.es\/index.php\/wp-json\/wp\/v2\/tags?post=29671"}],"curies":[{"name":"wp","href":"https:\/\/api.w.org\/{rel}","templated":true}]}}