{"id":29645,"date":"2026-03-14T17:32:31","date_gmt":"2026-03-14T16:32:31","guid":{"rendered":"https:\/\/www.prospereando.es\/?p=29645"},"modified":"2026-03-14T17:36:03","modified_gmt":"2026-03-14T16:36:03","slug":"retos-y-oportunidades-de-la-inteligencia-artificial","status":"publish","type":"post","link":"https:\/\/www.prospereando.es\/index.php\/2026\/03\/14\/retos-y-oportunidades-de-la-inteligencia-artificial\/","title":{"rendered":"Retos y oportunidades de la Inteligencia Artificial"},"content":{"rendered":"<p align=\"justify\"><span lang=\"es-ES-u-co-trad\">El pasado 10 de marzo tuvimos la ocasi\u00f3n de asistir en la Asociaci\u00f3n Vecinal Valle Incl\u00e1n de Prosperidad a la charla \u00ab<em>Bulos y postverdad. Retos y oportunidades de la Inteligencia, Artificial<\/em>\u00ab, impartida por la concejala y portavoz adjunta del Ayuntamiento de Madrid y secretaria de Estudios y Programas Electorales del PSOE, Enma L\u00f3pez<\/span><\/p>\n<p align=\"justify\"><span lang=\"es-ES-u-co-trad\">Como dijo nuestra portavoz Gloria Cavanna en su presentaci\u00f3n, esta actividad se enmarca en un espacio de confianza, apoyo y confluencia, pero sobre todo en un trabajo de barrio que desde la <strong>ASO<\/strong> siempre se ha compartido con personas como Enma, a quien p<\/span><span lang=\"es-ES-u-co-trad\">ode<\/span><span lang=\"es-ES-u-co-trad\">mos ver en su d\u00eda a d\u00eda recorriendo calles, mercados o asociaciones de barrio.<\/span><\/p>\n<p align=\"justify\"><span lang=\"es-ES-u-co-trad\">A<\/span><span lang=\"es-ES-u-co-trad\"><img loading=\"lazy\" decoding=\"async\" class=\"size-medium wp-image-29657 alignleft\" src=\"http:\/\/www.prospereando.es\/wp-content\/uploads\/2026\/03\/conferencia-300x225.jpg\" alt=\"\" width=\"300\" height=\"225\" srcset=\"https:\/\/www.prospereando.es\/wp-content\/uploads\/2026\/03\/conferencia-300x225.jpg 300w, https:\/\/www.prospereando.es\/wp-content\/uploads\/2026\/03\/conferencia.jpg 480w\" sizes=\"auto, (max-width: 300px) 100vw, 300px\" \/><\/span><span lang=\"es-ES-u-co-trad\">nte una numerosa audiencia, Enma L\u00f3pez nos llev\u00f3 de la mano para conocer los secretos de la Inteligencia Artificial, una herramienta ya no tan novedosa y que, a veces sin saberlo, todos usamos a diario.<\/span><\/p>\n<p align=\"justify\"><span lang=\"es-ES-u-co-trad\">Empezamos destacando sus beneficios y la revoluci\u00f3n que supone en campos como la salud, las finanzas, el trans<\/span><span lang=\"es-ES-u-co-trad\">porte, la agricultura o la energ\u00eda, entre otros. Por ejemplo, qui\u00e9n nos iba a decir que la inteligencia artificial iba a ser capaz de detectar enfermedades en segundos, ver en una radiograf\u00eda aquello que se le escapa al ojo humano, o lograr sistemas de emergencia que se anticipen a las cat\u00e1strofes, salvando con ello much\u00edsimas vidas. <\/span><\/p>\n<p align=\"justify\"><span lang=\"es-ES-u-co-trad\">Pero donde hay buenos siempre hay malos y la <\/span><span lang=\"es-ES-u-co-trad\"><i>IA <\/i><\/span><span lang=\"es-ES-u-co-trad\">tambi\u00e9n tiene su lado negativo. Por ejemplo, las denominadas <\/span><span lang=\"es-ES-u-co-trad\"><i>deepfakes, <\/i><\/span><span lang=\"es-ES-u-co-trad\">que suplantan la identidad de una persona haci\u00e9ndola parecer real y de esta manera transmitir mensajes falsos, o la posibilidad de convertir la seguridad de la poblaci\u00f3n en medidas de control tan excesivas que el Estado sepa qu\u00e9 hacemos o d\u00f3nde estamos en todo momento.<\/span><\/p>\n<p align=\"justify\"><span lang=\"es-ES-u-co-trad\">Menci\u00f3n especial merece el mal uso de la inteligencia artificial en redes sociales, a trav\u00e9s de ella sectores de la ultraderecha principalmente utilizan multitud de perfiles falsos (<\/span><span lang=\"es-ES-u-co-trad\"><i>granjas de bots<\/i><\/span><span lang=\"es-ES-u-co-trad\">) para la difusi\u00f3n de bulos y noticias falsas, generar alarma social o llevar a cabo campa\u00f1as de difusi\u00f3n de odio, as\u00ed los disturbios en Torrepacheco en contra de los migrantes se organizaron de esta manera. <\/span><\/p>\n<p align=\"justify\"><span lang=\"es-ES-u-co-trad\">Los bulos o <\/span><span lang=\"es-ES-u-co-trad\"><i>paparruchas<\/i><\/span><span lang=\"es-ES-u-co-trad\"> sirven para difundir todos estos mensajes de odio que nos bombardean a diario, los usa el Partido Popular contra el actual Gobierno, Trump para justificar la guerra, o VOX para difundir sus mensajes cargados de odio. Por eso se han puesto en marcha herramientas de verificaci\u00f3n para que podamos diferenciar y verificar aquello que nos llega, como son Maldita.es, Newtral o verificaRTVE.<\/span><\/p>\n<p align=\"justify\"><span lang=\"es-ES-u-co-trad\">Respecto a las medidas que se pueden tomar para luchar contra estos peligros destacan las siguientes:<\/span><\/p>\n<ul>\n<li>\n<p align=\"justify\"><span lang=\"es-ES-u-co-trad\">El fin del anonimato en Redes Sociales: aquel o aquella que publique algo no solo tiene que dar la cara, sino tambi\u00e9n hacerse responsable de su publicaci\u00f3n.<\/span><\/p>\n<\/li>\n<\/ul>\n<ul>\n<li>\n<p align=\"justify\"><span lang=\"es-ES-u-co-trad\">Que los grandes ejecutivos de las plataformas sean penalmente responsables de lo que all\u00ed ocurre y de las consecuencias.<\/span><\/p>\n<\/li>\n<\/ul>\n<ul>\n<li>\n<p align=\"justify\"><span lang=\"es-ES-u-co-trad\">Prohibici\u00f3n a menores de 16 a\u00f1os del uso de redes sociales, como parte de la protecci\u00f3n b\u00e1sica al menor. <\/span><\/p>\n<\/li>\n<\/ul>\n<p align=\"justify\"><span lang=\"es-ES-u-co-trad\">En el intenso debate que tuvimos se mostraron dos posturas claras: quienes creen que la <\/span><span lang=\"es-ES-u-co-trad\"><i>IA <\/i><\/span><span lang=\"es-ES-u-co-trad\">trae m\u00e1s problemas que soluciones y quienes consideran que es solo una herramienta y somos nosotros y nosotras los que hacemos un buen o un mal uso de esta. <\/span><\/p>\n<p align=\"justify\"><span lang=\"es-ES-u-co-trad\">Para terminar, solo recordar las palabras de Enma L\u00f3pez cuando dijo que \u00ab<\/span><span lang=\"es-ES-u-co-trad\"><i>Lo que m\u00e1s dinero mueve es el odio<\/i><\/span><span lang=\"es-ES-u-co-trad\">\u00ab, las personas que generan odio quiz\u00e1s ni piensen as\u00ed, pero se hacen ricos a su costa. Esto es lo que debemos frenar para seguir construyendo una sociedad en paz, m\u00e1s democr\u00e1tica y m\u00e1s justa para todos y todas.<\/span><\/p>\n","protected":false},"excerpt":{"rendered":"<p>El pasado 10 de marzo tuvimos la ocasi\u00f3n de asistir en la Asociaci\u00f3n Vecinal Valle Incl\u00e1n de Prosperidad a la charla \u00abBulos y postverdad. Retos y oportunidades de la Inteligencia, Artificial\u00ab, impartida por la concejala y portavoz adjunta del Ayuntamiento de Madrid y secretaria de Estudios y Programas Electorales del PSOE, Enma L\u00f3pez Como dijo nuestra portavoz Gloria Cavanna en su presentaci\u00f3n, esta actividad se enmarca en un espacio de confianza, apoyo y confluencia, pero sobre todo en un trabajo de barrio que desde la ASO siempre se ha compartido &hellip; <\/p>\n","protected":false},"author":4,"featured_media":29657,"comment_status":"open","ping_status":"open","sticky":false,"template":"","format":"standard","meta":{"footnotes":""},"categories":[14],"tags":[],"class_list":["post-29645","post","type-post","status-publish","format-standard","has-post-thumbnail","hentry","category-ciudadania","sent_by-natalia-cera","sent_by-susana-angoitia"],"_links":{"self":[{"href":"https:\/\/www.prospereando.es\/index.php\/wp-json\/wp\/v2\/posts\/29645","targetHints":{"allow":["GET"]}}],"collection":[{"href":"https:\/\/www.prospereando.es\/index.php\/wp-json\/wp\/v2\/posts"}],"about":[{"href":"https:\/\/www.prospereando.es\/index.php\/wp-json\/wp\/v2\/types\/post"}],"author":[{"embeddable":true,"href":"https:\/\/www.prospereando.es\/index.php\/wp-json\/wp\/v2\/users\/4"}],"replies":[{"embeddable":true,"href":"https:\/\/www.prospereando.es\/index.php\/wp-json\/wp\/v2\/comments?post=29645"}],"version-history":[{"count":4,"href":"https:\/\/www.prospereando.es\/index.php\/wp-json\/wp\/v2\/posts\/29645\/revisions"}],"predecessor-version":[{"id":29658,"href":"https:\/\/www.prospereando.es\/index.php\/wp-json\/wp\/v2\/posts\/29645\/revisions\/29658"}],"wp:featuredmedia":[{"embeddable":true,"href":"https:\/\/www.prospereando.es\/index.php\/wp-json\/wp\/v2\/media\/29657"}],"wp:attachment":[{"href":"https:\/\/www.prospereando.es\/index.php\/wp-json\/wp\/v2\/media?parent=29645"}],"wp:term":[{"taxonomy":"category","embeddable":true,"href":"https:\/\/www.prospereando.es\/index.php\/wp-json\/wp\/v2\/categories?post=29645"},{"taxonomy":"post_tag","embeddable":true,"href":"https:\/\/www.prospereando.es\/index.php\/wp-json\/wp\/v2\/tags?post=29645"}],"curies":[{"name":"wp","href":"https:\/\/api.w.org\/{rel}","templated":true}]}}