{"id":29629,"date":"2026-03-13T17:15:12","date_gmt":"2026-03-13T16:15:12","guid":{"rendered":"https:\/\/www.prospereando.es\/?p=29629"},"modified":"2026-03-13T17:20:18","modified_gmt":"2026-03-13T16:20:18","slug":"nuestro-distrito","status":"publish","type":"post","link":"https:\/\/www.prospereando.es\/index.php\/2026\/03\/13\/nuestro-distrito\/","title":{"rendered":"Nuestro distrito"},"content":{"rendered":"<p style=\"text-align: left;\">Algunos recordamos un antiguo chiste, un \u201cforgendro\u201d en el que dos amigos<br \/>\nhablaban sobre lo que nos quejamos los vecinos de Madrid, y le ped\u00eda que pensara en<br \/>\nalgo bueno que tuvi\u00e9ramos aqu\u00ed. El otro le responde r\u00e1pidamente: S\u00ed; el ruido.<\/p>\n<p style=\"text-align: left;\">Como muchas est\u00e1is pensando, hablo de lo que se nos viene encima, mejor dicho,<br \/>\ndebajo, en las inmediaciones del Bernab\u00e9u, am\u00e9n de las \u201chorripilancias\u201d que sigue<br \/>\ntejiendo nuestro consistorio.<\/p>\n<p style=\"text-align: left;\">En breve nos van a cortar la l\u00ednea 10 de metro, a la altura de Cuzco, all\u00ed tendremos que<br \/>\ntomar un autob\u00fas lanzadera hasta Nuevos Ministerios, de regreso deberemos hacer la<br \/>\nmisma operaci\u00f3n. Perderemos horas de descanso. Se aumentar\u00e1 la contaminaci\u00f3n de la<br \/>\nCastellana, el ruido y, como no, tendremos menos tiempo para nuestras vidas.<\/p>\n<p style=\"text-align: left;\">El 28 de marzo y durante seis meses, se cortar\u00e1 la l\u00ednea 10 de metro para llevar a cabo<br \/>\nun capricho de la CM. S\u00ed, un capricho compartido por la Comunidad de Madrid y por la<br \/>\npresidencia del Bernab\u00e9u. La ampliaci\u00f3n del vest\u00edbulo de la estaci\u00f3n de metro de<br \/>\nSantiago Bernab\u00e9u.<\/p>\n<p style=\"text-align: left;\">La broma saldr\u00e1 de nuestros impuestos, la pagaremos democr\u00e1ticamente entre todos.<br \/>\nHoy est\u00e1 presupuestada esta ampliaci\u00f3n en 85 millones de euros, cuando terminen de<br \/>\nhacerla, veremos cuanto ha costado. No sabemos qui\u00e9n intervine en la obra; hasta pudiera ser posible que una empresa relacionada con la direcci\u00f3n del equipo madrile\u00f1o.<\/p>\n<p style=\"text-align: left;\">Va a quedar un espacio estupendo, dicen que va a ser una mejora en la red de metro,<br \/>\npero los andenes seguir\u00e1n teniendo los mismos metros, los trenes seguir\u00e1n siendo igual<br \/>\nde largos y con la misma capacidad para los usuarios, lo \u00fanico que podr\u00e1 cambiar, en<br \/>\ntoda la l\u00ednea es la frecuencia, por tanto, la ampliaci\u00f3n del vest\u00edbulo, la pod\u00edan hacer en<br \/>\ncualquier estaci\u00f3n, aunque, bien pensado, no s\u00e9 qu\u00e9 aplicaci\u00f3n tiene salvo la de<br \/>\nmasificar la zona de estadio.<\/p>\n<p style=\"text-align: left;\">El vest\u00edbulo ser\u00e1 XXXL, nada menos que 12.000 metros cuadrados, adem\u00e1s se le dotar\u00e1<br \/>\nde 12 ascensores con vistas panor\u00e1micas. Nos imaginamos en esos metros la cantidad de cosas que pueden caber. El precioso museo Nacional de Artes Esc\u00e9nicas de Almagro, cuenta con 2.213 metros cuadrados. Se<br \/>\nme antoja que podr\u00edan poner una sucursal de este museo en ese vest\u00edbulo, quiz\u00e1 habr\u00eda<br \/>\nmetros cuadrados suficientes para albergar espacios de ensayo, de la misma forma que<br \/>\nexist\u00edan en la contigua estaci\u00f3n de Cuzco y que, sin venir a cuento, cerraron, quiz\u00e1 con<br \/>\nhabilitar esos antiguos locales, se hubieran ahorrado, perd\u00f3n, nos hubi\u00e9ramos ahorrado<br \/>\nlos que pagamos impuestos, este imponente gasto.<\/p>\n<p style=\"text-align: left;\">Es cierto lo que dec\u00eda el \u201cforgendro\u201d al que hemos aludido al principio de este escrito:<br \/>\nen Madrid hay mucho ruido, el ruido que hacen algunos para derivar nuestra atenci\u00f3n,<br \/>\nAs\u00ed entre bulos y vest\u00edbulos nos tienen perplejos, alucinados, abochornados por las<br \/>\ncifras: 12 000 metros cuadrados. 85 millones de euros y 12 ascensores, cuando en el<br \/>\nmetro de Alfonso XIII se lleva pidiendo un ascensor por el que puedan subir esas<br \/>\nmadres que acaban de parir, acompa\u00f1adas de sus criaturas, porque tienen que pasar por<br \/>\nel Registro Civil, en la calle Pradillo 66.<\/p>\n<p style=\"text-align: left;\">Absurdo, \u00bfverdad? Los ciudadanos que tienen que usar la ciudad obligatoriamente, son<br \/>\nlos perjudicados, en cambio, los que van a eventos deportivos o musicales, lo pueden<br \/>\ntener todo. Seguimos viendo c\u00f3mo se mantiene el amiguismo y, puede que algo m\u00e1s.<\/p>\n<p style=\"text-align: left;\">Pues nada, como dec\u00edan aquellos ilustres pensadores cuando empujaban el carruaje del<br \/>\n\u201cdeseado\u201d rey fel\u00f3n: \u00a1Viva las caenas!<\/p>\n","protected":false},"excerpt":{"rendered":"<p>Algunos recordamos un antiguo chiste, un \u201cforgendro\u201d en el que dos amigos hablaban sobre lo que nos quejamos los vecinos de Madrid, y le ped\u00eda que pensara en algo bueno que tuvi\u00e9ramos aqu\u00ed. El otro le responde r\u00e1pidamente: S\u00ed; el ruido. Como muchas est\u00e1is pensando, hablo de lo que se nos viene encima, mejor dicho, debajo, en las inmediaciones del Bernab\u00e9u, am\u00e9n de las \u201chorripilancias\u201d que sigue tejiendo nuestro consistorio. En breve nos van a cortar la l\u00ednea 10 de metro, a la altura de Cuzco, all\u00ed tendremos que tomar &hellip; <\/p>\n","protected":false},"author":4,"featured_media":0,"comment_status":"open","ping_status":"open","sticky":false,"template":"","format":"standard","meta":{"footnotes":""},"categories":[22],"tags":[],"class_list":["post-29629","post","type-post","status-publish","format-standard","hentry","category-editorial"],"_links":{"self":[{"href":"https:\/\/www.prospereando.es\/index.php\/wp-json\/wp\/v2\/posts\/29629","targetHints":{"allow":["GET"]}}],"collection":[{"href":"https:\/\/www.prospereando.es\/index.php\/wp-json\/wp\/v2\/posts"}],"about":[{"href":"https:\/\/www.prospereando.es\/index.php\/wp-json\/wp\/v2\/types\/post"}],"author":[{"embeddable":true,"href":"https:\/\/www.prospereando.es\/index.php\/wp-json\/wp\/v2\/users\/4"}],"replies":[{"embeddable":true,"href":"https:\/\/www.prospereando.es\/index.php\/wp-json\/wp\/v2\/comments?post=29629"}],"version-history":[{"count":3,"href":"https:\/\/www.prospereando.es\/index.php\/wp-json\/wp\/v2\/posts\/29629\/revisions"}],"predecessor-version":[{"id":29632,"href":"https:\/\/www.prospereando.es\/index.php\/wp-json\/wp\/v2\/posts\/29629\/revisions\/29632"}],"wp:attachment":[{"href":"https:\/\/www.prospereando.es\/index.php\/wp-json\/wp\/v2\/media?parent=29629"}],"wp:term":[{"taxonomy":"category","embeddable":true,"href":"https:\/\/www.prospereando.es\/index.php\/wp-json\/wp\/v2\/categories?post=29629"},{"taxonomy":"post_tag","embeddable":true,"href":"https:\/\/www.prospereando.es\/index.php\/wp-json\/wp\/v2\/tags?post=29629"}],"curies":[{"name":"wp","href":"https:\/\/api.w.org\/{rel}","templated":true}]}}