{"id":29601,"date":"2026-03-11T20:10:44","date_gmt":"2026-03-11T19:10:44","guid":{"rendered":"https:\/\/www.prospereando.es\/?p=29601"},"modified":"2026-03-11T20:10:44","modified_gmt":"2026-03-11T19:10:44","slug":"la-guerra-de-iran-agrava-la-fractura-interna-en-la-ue-tras-las-palabras-de-von-der-leyen-sobre-el-orden-mundial","status":"publish","type":"post","link":"https:\/\/www.prospereando.es\/index.php\/2026\/03\/11\/la-guerra-de-iran-agrava-la-fractura-interna-en-la-ue-tras-las-palabras-de-von-der-leyen-sobre-el-orden-mundial\/","title":{"rendered":"La guerra de Ir\u00e1n agrava la fractura interna en la UE tras las palabras de Von der Leyen sobre el orden mundial"},"content":{"rendered":"<p>Gobiernos y europarlamentarios critican la posici\u00f3n de la presidenta de la Comisi\u00f3n por extralimitar sus competencias en pol\u00edtica exterior. <a href=\"https:\/\/elpais.com\/internacional\/2026-03-11\/la-guerra-de-iran-agrava-la-fractura-interna-en-la-ue-tras-las-palabras-de-von-der-leyen-sobre-el-orden-mundial.html?outputType=amp\">Leer m\u00e1s&#8230;<\/a><\/p>\n","protected":false},"excerpt":{"rendered":"<p>Gobiernos y europarlamentarios critican la posici\u00f3n de la presidenta de la Comisi\u00f3n por extralimitar sus competencias en pol\u00edtica exterior. Leer m\u00e1s&#8230;<\/p>\n","protected":false},"author":1,"featured_media":0,"comment_status":"open","ping_status":"open","sticky":false,"template":"","format":"standard","meta":{"footnotes":""},"categories":[13],"tags":[],"class_list":["post-29601","post","type-post","status-publish","format-standard","hentry","category-revista-de-prensa","sent_by-maria-r-sahuquillo"],"_links":{"self":[{"href":"https:\/\/www.prospereando.es\/index.php\/wp-json\/wp\/v2\/posts\/29601","targetHints":{"allow":["GET"]}}],"collection":[{"href":"https:\/\/www.prospereando.es\/index.php\/wp-json\/wp\/v2\/posts"}],"about":[{"href":"https:\/\/www.prospereando.es\/index.php\/wp-json\/wp\/v2\/types\/post"}],"author":[{"embeddable":true,"href":"https:\/\/www.prospereando.es\/index.php\/wp-json\/wp\/v2\/users\/1"}],"replies":[{"embeddable":true,"href":"https:\/\/www.prospereando.es\/index.php\/wp-json\/wp\/v2\/comments?post=29601"}],"version-history":[{"count":1,"href":"https:\/\/www.prospereando.es\/index.php\/wp-json\/wp\/v2\/posts\/29601\/revisions"}],"predecessor-version":[{"id":29602,"href":"https:\/\/www.prospereando.es\/index.php\/wp-json\/wp\/v2\/posts\/29601\/revisions\/29602"}],"wp:attachment":[{"href":"https:\/\/www.prospereando.es\/index.php\/wp-json\/wp\/v2\/media?parent=29601"}],"wp:term":[{"taxonomy":"category","embeddable":true,"href":"https:\/\/www.prospereando.es\/index.php\/wp-json\/wp\/v2\/categories?post=29601"},{"taxonomy":"post_tag","embeddable":true,"href":"https:\/\/www.prospereando.es\/index.php\/wp-json\/wp\/v2\/tags?post=29601"}],"curies":[{"name":"wp","href":"https:\/\/api.w.org\/{rel}","templated":true}]}}