{"id":2960,"date":"2017-03-11T21:55:29","date_gmt":"2017-03-11T21:55:29","guid":{"rendered":"http:\/\/www.prospereando.es\/?p=2960"},"modified":"2017-03-12T09:52:40","modified_gmt":"2017-03-12T09:52:40","slug":"la-fuerza-de-la-mujer-se-hizo-visible","status":"publish","type":"post","link":"https:\/\/www.prospereando.es\/index.php\/2017\/03\/11\/la-fuerza-de-la-mujer-se-hizo-visible\/","title":{"rendered":"La fuerza de la mujer se hizo visible"},"content":{"rendered":"<\/p>\n<p><img loading=\"lazy\" decoding=\"async\" width=\"380\" height=\"214\" src=\"http:\/\/www.prospereando.es\/wp-content\/uploads\/2017\/03\/5685a.jpg\" class=\"alignleft size-medium\" id=\"wp-image-4155\" title=\"Manifestaci\u00f3n en Cibeles\" alt=\"Manifestaci\u00f3n en Cibeles\" srcset=\"https:\/\/www.prospereando.es\/wp-content\/uploads\/2017\/03\/5685a.jpg 380w, https:\/\/www.prospereando.es\/wp-content\/uploads\/2017\/03\/5685a-300x169.jpg 300w\" sizes=\"auto, (max-width: 380px) 100vw, 380px\" \/><\/p>\n<p>La fuerza de la mujer se hizo visible  en la tarde del 8, D\u00eda Internacional de las Mujer, las plazas y calles m\u00e1s c\u00e9ntricas y emblem\u00e1ticas de Madrid como son Cibeles y la Gran V\u00eda, se ti\u00f1eron de color violeta, color que llevaban las manifestantes de la gran movilizaci\u00f3n festiva y reivindicativa que tuvo lugar en la ciudad.<\/p>\n<p>Miles de mujeres, en su mayor\u00eda j\u00f3venes,  junto a algunos hombres, y otras veteranas entre las que se encontraban vecinos y vecinas de la Prospe y de la Valle Incl\u00e1n, portaban pancartas que hac\u00edan referencia a una amplia tem\u00e1tica que abarcaba desde la denuncia de la igualdad en derechos b\u00e1sicos, hasta los asesinatos por violencia machista, que se han incrementado en los \u00faltimos meses.<\/p>\n<p>Se pod\u00eda leer: \u201c justicia\u201d,  \u201cjuntas y fuertes\u201d, \u201cParo Internacional contra el patriarcado\u201d, \u201cno al maltrato salarial\u201d, \u201c permiso de paternidad obligatorio\u201d,  \u201cno  al maltrato laboral\u201d, \u201c no estamos todas, faltan las asesinadas\u201d.<\/p>\n<p>La brecha salarial, la necesidad de conciliaci\u00f3n, el reparto de las tareas dom\u00e9sticas, la visibilidad de la mujer en todos los \u00e1mbitos  estuvo presente durante la marcha.<\/p>\n<p>Este a\u00f1o, este d\u00eda tan se\u00f1alado, ha tenido dos caracter\u00edsticas notables.<\/p>\n<p>La primera, la  masiva presencia de j\u00f3venes y la respuesta ciudadana a todas las convocatorias que han tenido lugar en las unas 50 ciudades espa\u00f1olas y muchos pa\u00edses a nivel internacional.<\/p>\n<p>La segunda, la llamada a paros parciales, en todo el mundo, de la actividad laboral, actividad de cuidados, y consumo, que ha tenido una respuesta un\u00e1nime y generaliza haciendo emerger a la escena p\u00fablica, la visibilidad y fuerza de las mujeres en su lucha por alcanzar sus derechos a trav\u00e9s de pol\u00edticas de igualdad real.<\/p>\n<p>En cada pa\u00eds, se ha hecho hincapi\u00e9, en alg\u00fan aspecto que afecta m\u00e1s directamente a su realidad.<\/p>\n<p>As\u00ed, en Estados Unidos, se puso el acento en \u201cla brecha de desigualdad entre hombres y mujeres desde la educaci\u00f3n a la pobreza, desde el empleo hasta la salud\u201d. Muchas mujeres vest\u00edan de rojo como consigna contra los comentarios mis\u00f3ginos del presidente Trump.<br \/>\nEn Polonia, salieron a la calle de luto, como protesta frente al gobierno ultraconservador que quiere imponer una ley restrictiva del aborto.<\/p>\n<p>En Am\u00e9rica Latina, las concentraciones giraron en torno a la violencia de g\u00e9nero. En pa\u00edses \u00e1rabes, frente al patriarcado y la herencia  religiosa. As\u00ed en todas las regiones del mundo se fue visibilizando la fuerza pol\u00edtica del movimiento de mujeres para efectuar cambios en favor de la justicia.<\/p>\n<p>Madrid fue un ejemplo<\/p>\n","protected":false},"excerpt":{"rendered":"<p> La fuerza de la mujer se hizo visible en la tarde del 8, D\u00eda Internacional de las Mujer, las plazas y calles m\u00e1s c\u00e9ntricas y emblem\u00e1ticas de Madrid como son Cibeles y la Gran V\u00eda, se ti\u00f1eron de color violeta, color que llevaban las manifestantes de la gran movilizaci\u00f3n festiva y reivindicativa que tuvo lugar en la ciudad.<\/p>\n","protected":false},"author":1,"featured_media":4155,"comment_status":"closed","ping_status":"open","sticky":false,"template":"","format":"standard","meta":{"footnotes":""},"categories":[14],"tags":[],"class_list":["post-2960","post","type-post","status-publish","format-standard","has-post-thumbnail","hentry","category-ciudadania","sent_by-maribel-rodriguez-gorostiza"],"_links":{"self":[{"href":"https:\/\/www.prospereando.es\/index.php\/wp-json\/wp\/v2\/posts\/2960","targetHints":{"allow":["GET"]}}],"collection":[{"href":"https:\/\/www.prospereando.es\/index.php\/wp-json\/wp\/v2\/posts"}],"about":[{"href":"https:\/\/www.prospereando.es\/index.php\/wp-json\/wp\/v2\/types\/post"}],"author":[{"embeddable":true,"href":"https:\/\/www.prospereando.es\/index.php\/wp-json\/wp\/v2\/users\/1"}],"replies":[{"embeddable":true,"href":"https:\/\/www.prospereando.es\/index.php\/wp-json\/wp\/v2\/comments?post=2960"}],"version-history":[{"count":0,"href":"https:\/\/www.prospereando.es\/index.php\/wp-json\/wp\/v2\/posts\/2960\/revisions"}],"wp:featuredmedia":[{"embeddable":true,"href":"https:\/\/www.prospereando.es\/index.php\/wp-json\/wp\/v2\/media\/4155"}],"wp:attachment":[{"href":"https:\/\/www.prospereando.es\/index.php\/wp-json\/wp\/v2\/media?parent=2960"}],"wp:term":[{"taxonomy":"category","embeddable":true,"href":"https:\/\/www.prospereando.es\/index.php\/wp-json\/wp\/v2\/categories?post=2960"},{"taxonomy":"post_tag","embeddable":true,"href":"https:\/\/www.prospereando.es\/index.php\/wp-json\/wp\/v2\/tags?post=2960"}],"curies":[{"name":"wp","href":"https:\/\/api.w.org\/{rel}","templated":true}]}}