{"id":29202,"date":"2026-01-29T23:12:14","date_gmt":"2026-01-29T22:12:14","guid":{"rendered":"https:\/\/www.prospereando.es\/?p=29202"},"modified":"2026-01-29T23:12:14","modified_gmt":"2026-01-29T22:12:14","slug":"america-latina-busca-su-propia-voz-en-un-mundo-convulso","status":"publish","type":"post","link":"https:\/\/www.prospereando.es\/index.php\/2026\/01\/29\/america-latina-busca-su-propia-voz-en-un-mundo-convulso\/","title":{"rendered":"Am\u00e9rica Latina busca su propia voz en un mundo convulso"},"content":{"rendered":"<p>El Foro Econ\u00f3mico Internacional Am\u00e9rica Latina y el Caribe 2026, organizado por CAF en colaboraci\u00f3n con el Grupo Prisa, re\u00fane a siete jefes de Estado y se convierte en un informal \u2018Davos latinoamericano\u2019. <a href=\"https:\/\/elpais.com\/america\/2026-01-28\/america-latina-busca-su-propia-voz-en-un-mundo-convulso.html\">Leer m\u00e1s&#8230;<\/a><\/p>\n","protected":false},"excerpt":{"rendered":"<p>El Foro Econ\u00f3mico Internacional Am\u00e9rica Latina y el Caribe 2026, organizado por CAF en colaboraci\u00f3n con el Grupo Prisa, re\u00fane a siete jefes de Estado y se convierte en un informal \u2018Davos latinoamericano\u2019. Leer m\u00e1s&#8230;<\/p>\n","protected":false},"author":1,"featured_media":0,"comment_status":"open","ping_status":"open","sticky":false,"template":"","format":"standard","meta":{"footnotes":""},"categories":[13],"tags":[],"class_list":["post-29202","post","type-post","status-publish","format-standard","hentry","category-revista-de-prensa","sent_by-federico-rivas-molina"],"_links":{"self":[{"href":"https:\/\/www.prospereando.es\/index.php\/wp-json\/wp\/v2\/posts\/29202","targetHints":{"allow":["GET"]}}],"collection":[{"href":"https:\/\/www.prospereando.es\/index.php\/wp-json\/wp\/v2\/posts"}],"about":[{"href":"https:\/\/www.prospereando.es\/index.php\/wp-json\/wp\/v2\/types\/post"}],"author":[{"embeddable":true,"href":"https:\/\/www.prospereando.es\/index.php\/wp-json\/wp\/v2\/users\/1"}],"replies":[{"embeddable":true,"href":"https:\/\/www.prospereando.es\/index.php\/wp-json\/wp\/v2\/comments?post=29202"}],"version-history":[{"count":1,"href":"https:\/\/www.prospereando.es\/index.php\/wp-json\/wp\/v2\/posts\/29202\/revisions"}],"predecessor-version":[{"id":29203,"href":"https:\/\/www.prospereando.es\/index.php\/wp-json\/wp\/v2\/posts\/29202\/revisions\/29203"}],"wp:attachment":[{"href":"https:\/\/www.prospereando.es\/index.php\/wp-json\/wp\/v2\/media?parent=29202"}],"wp:term":[{"taxonomy":"category","embeddable":true,"href":"https:\/\/www.prospereando.es\/index.php\/wp-json\/wp\/v2\/categories?post=29202"},{"taxonomy":"post_tag","embeddable":true,"href":"https:\/\/www.prospereando.es\/index.php\/wp-json\/wp\/v2\/tags?post=29202"}],"curies":[{"name":"wp","href":"https:\/\/api.w.org\/{rel}","templated":true}]}}