{"id":29200,"date":"2026-01-29T23:10:17","date_gmt":"2026-01-29T22:10:17","guid":{"rendered":"https:\/\/www.prospereando.es\/?p=29200"},"modified":"2026-01-29T23:10:17","modified_gmt":"2026-01-29T22:10:17","slug":"los-correos-internos-que-prueban-que-el-gobierno-de-ayuso-sabia-que-las-residencias-no-se-medicalizaron-en-la-pandemia","status":"publish","type":"post","link":"https:\/\/www.prospereando.es\/index.php\/2026\/01\/29\/los-correos-internos-que-prueban-que-el-gobierno-de-ayuso-sabia-que-las-residencias-no-se-medicalizaron-en-la-pandemia\/","title":{"rendered":"Los correos internos que prueban que el Gobierno de Ayuso sab\u00eda que las residencias no se medicalizaron en la pandemia"},"content":{"rendered":"<p>El firmante de los protocolos alert\u00f3 al inicio de la crisis de que hab\u00eda que \u201csacar\u201d de estos centros a m\u00e1s casos de los previstos: \u201cNo deseo que ninguna autoridad tenga en su conciencia un n\u00famero importante de fallecimientos evitables\u201d. <a href=\"https:\/\/elpais.com\/espana\/madrid\/2026-01-29\/los-correos-internos-que-prueban-que-el-gobierno-de-ayuso-sabia-que-las-residencias-no-se-medicalizaron-en-la-pandemia.html\">Leer m\u00e1s&#8230;<\/a><\/p>\n","protected":false},"excerpt":{"rendered":"<p>El firmante de los protocolos alert\u00f3 al inicio de la crisis de que hab\u00eda que \u201csacar\u201d de estos centros a m\u00e1s casos de los previstos: \u201cNo deseo que ninguna autoridad tenga en su conciencia un n\u00famero importante de fallecimientos evitables\u201d. Leer m\u00e1s&#8230;<\/p>\n","protected":false},"author":1,"featured_media":0,"comment_status":"open","ping_status":"open","sticky":false,"template":"","format":"standard","meta":{"footnotes":""},"categories":[13],"tags":[],"class_list":["post-29200","post","type-post","status-publish","format-standard","hentry","category-revista-de-prensa","sent_by-fernando-peinado"],"_links":{"self":[{"href":"https:\/\/www.prospereando.es\/index.php\/wp-json\/wp\/v2\/posts\/29200","targetHints":{"allow":["GET"]}}],"collection":[{"href":"https:\/\/www.prospereando.es\/index.php\/wp-json\/wp\/v2\/posts"}],"about":[{"href":"https:\/\/www.prospereando.es\/index.php\/wp-json\/wp\/v2\/types\/post"}],"author":[{"embeddable":true,"href":"https:\/\/www.prospereando.es\/index.php\/wp-json\/wp\/v2\/users\/1"}],"replies":[{"embeddable":true,"href":"https:\/\/www.prospereando.es\/index.php\/wp-json\/wp\/v2\/comments?post=29200"}],"version-history":[{"count":1,"href":"https:\/\/www.prospereando.es\/index.php\/wp-json\/wp\/v2\/posts\/29200\/revisions"}],"predecessor-version":[{"id":29201,"href":"https:\/\/www.prospereando.es\/index.php\/wp-json\/wp\/v2\/posts\/29200\/revisions\/29201"}],"wp:attachment":[{"href":"https:\/\/www.prospereando.es\/index.php\/wp-json\/wp\/v2\/media?parent=29200"}],"wp:term":[{"taxonomy":"category","embeddable":true,"href":"https:\/\/www.prospereando.es\/index.php\/wp-json\/wp\/v2\/categories?post=29200"},{"taxonomy":"post_tag","embeddable":true,"href":"https:\/\/www.prospereando.es\/index.php\/wp-json\/wp\/v2\/tags?post=29200"}],"curies":[{"name":"wp","href":"https:\/\/api.w.org\/{rel}","templated":true}]}}