{"id":29175,"date":"2026-01-24T21:23:15","date_gmt":"2026-01-24T20:23:15","guid":{"rendered":"https:\/\/www.prospereando.es\/?p=29175"},"modified":"2026-01-24T21:38:23","modified_gmt":"2026-01-24T20:38:23","slug":"el-8-de-febrero-vuelve-a-la-palestra-la-sanidad","status":"publish","type":"post","link":"https:\/\/www.prospereando.es\/index.php\/2026\/01\/24\/el-8-de-febrero-vuelve-a-la-palestra-la-sanidad\/","title":{"rendered":"El 8 de febrero vuelve a la palestra la sanidad"},"content":{"rendered":"<p><img loading=\"lazy\" decoding=\"async\" class=\" wp-image-29176 aligncenter\" src=\"http:\/\/www.prospereando.es\/wp-content\/uploads\/2026\/01\/ManiSanidad1-300x153.jpg\" alt=\"\" width=\"565\" height=\"288\" srcset=\"https:\/\/www.prospereando.es\/wp-content\/uploads\/2026\/01\/ManiSanidad1-300x153.jpg 300w, https:\/\/www.prospereando.es\/wp-content\/uploads\/2026\/01\/ManiSanidad1.jpg 600w\" sizes=\"auto, (max-width: 565px) 100vw, 565px\" \/><\/p>\n<p>En pocos d\u00edas, y habiendo dejado la gripe del a\u00f1o en el olvido, los vecinos de Madrid, los usuarios de la sanidad p\u00fablica, volveremos a salir a la calle para pedir, cada d\u00eda con m\u00e1s pruebas demoledoras, sobre el lucrativo negocio de las empresas de seguros privados que viven de lujo a costa de nuestra salud, ya que la sanidad p\u00fablica va derivando nuestros impuestos a tales empresas, cuyo \u00fanico objetivo es el lucro.<\/p>\n<p>Los usuarios somos los mu\u00f1ecos del pim, pam, pum. Solo servimos para que nos manipulen los gestores seg\u00fan sus intereses econ\u00f3micos. Su inter\u00e9s radica en que vayamos a esos hospitales, distintos a los de nuestra elecci\u00f3n, para llenar las huchas con mayor rapidez. Su inter\u00e9s radica en abaratar costes, \u00bfc\u00f3mo?: Reutilizando el material de un solo uso.<\/p>\n<p>No debemos ser indiferentes a todo lo que est\u00e1 ocurriendo y a c\u00f3mo nos est\u00e1n manipulando. Debemos mostrar un criterio que no admita interpretaciones.<\/p>\n<p>Todas unidas, sin fisuras y con un solo objetivo: La salud global. La salud exigimos nada del otro mundo, es un derecho y como tal, las sociedades participativas queremos mostrar nuestro inter\u00e9s en mantener la sanidad p\u00fablica y toda nuestra repulsa a ese suced\u00e1neo de sanidad que solo tiene una pretensi\u00f3n; la de llenar los bolsillos a terceros y engrasar las puertas giratorias de algunos personajes anecd\u00f3ticos que saltan de la pol\u00edtica a los Consejos de administraci\u00f3n, para seguir viviendo a expensas de aquella parte de la sociedad que paga sus impuestos con el fin de generar un mayor desarrollo del bien com\u00fan.<\/p>\n<p><strong>El d\u00eda 8 de febrero a las 12 de la ma\u00f1ana, desde el ministerio de Sanidad a la Puerta del Sol.<\/strong> Todas manifest\u00e1ndonos por una sanidad p\u00fadica y p\u00fablica. \u00a1Salvemos la Sanidad P\u00fablica!<\/p>\n<p>All\u00ed nos vemos<\/p>\n","protected":false},"excerpt":{"rendered":"<p>En pocos d\u00edas, y habiendo dejado la gripe del a\u00f1o en el olvido, los vecinos de Madrid, los usuarios de la sanidad p\u00fablica, volveremos a salir a la calle para pedir, cada d\u00eda con m\u00e1s pruebas demoledoras, sobre el lucrativo negocio de las empresas de seguros privados que viven de lujo a costa de nuestra salud, ya que la sanidad p\u00fablica va derivando nuestros impuestos a tales empresas, cuyo \u00fanico objetivo es el lucro.<\/p>\n","protected":false},"author":1,"featured_media":29176,"comment_status":"open","ping_status":"open","sticky":false,"template":"","format":"standard","meta":{"footnotes":""},"categories":[11],"tags":[],"class_list":["post-29175","post","type-post","status-publish","format-standard","has-post-thumbnail","hentry","category-sanidad","sent_by-prospereando"],"_links":{"self":[{"href":"https:\/\/www.prospereando.es\/index.php\/wp-json\/wp\/v2\/posts\/29175","targetHints":{"allow":["GET"]}}],"collection":[{"href":"https:\/\/www.prospereando.es\/index.php\/wp-json\/wp\/v2\/posts"}],"about":[{"href":"https:\/\/www.prospereando.es\/index.php\/wp-json\/wp\/v2\/types\/post"}],"author":[{"embeddable":true,"href":"https:\/\/www.prospereando.es\/index.php\/wp-json\/wp\/v2\/users\/1"}],"replies":[{"embeddable":true,"href":"https:\/\/www.prospereando.es\/index.php\/wp-json\/wp\/v2\/comments?post=29175"}],"version-history":[{"count":2,"href":"https:\/\/www.prospereando.es\/index.php\/wp-json\/wp\/v2\/posts\/29175\/revisions"}],"predecessor-version":[{"id":29182,"href":"https:\/\/www.prospereando.es\/index.php\/wp-json\/wp\/v2\/posts\/29175\/revisions\/29182"}],"wp:featuredmedia":[{"embeddable":true,"href":"https:\/\/www.prospereando.es\/index.php\/wp-json\/wp\/v2\/media\/29176"}],"wp:attachment":[{"href":"https:\/\/www.prospereando.es\/index.php\/wp-json\/wp\/v2\/media?parent=29175"}],"wp:term":[{"taxonomy":"category","embeddable":true,"href":"https:\/\/www.prospereando.es\/index.php\/wp-json\/wp\/v2\/categories?post=29175"},{"taxonomy":"post_tag","embeddable":true,"href":"https:\/\/www.prospereando.es\/index.php\/wp-json\/wp\/v2\/tags?post=29175"}],"curies":[{"name":"wp","href":"https:\/\/api.w.org\/{rel}","templated":true}]}}