{"id":29128,"date":"2026-01-19T19:44:33","date_gmt":"2026-01-19T18:44:33","guid":{"rendered":"https:\/\/www.prospereando.es\/?p=29128"},"modified":"2026-01-19T19:44:33","modified_gmt":"2026-01-19T18:44:33","slug":"ultima-hora-del-accidente-de-tren-en-adamuz-cordoba-en-directo-asciende-a-40-la-cifra-de-muertos-en-el-accidente-de-trenes-en-adamuz","status":"publish","type":"post","link":"https:\/\/www.prospereando.es\/index.php\/2026\/01\/19\/ultima-hora-del-accidente-de-tren-en-adamuz-cordoba-en-directo-asciende-a-40-la-cifra-de-muertos-en-el-accidente-de-trenes-en-adamuz\/","title":{"rendered":"\u00daltima hora del accidente de tren en Adamuz, C\u00f3rdoba, en directo | Asciende a 40 la cifra de muertos en el accidente de trenes en Adamuz"},"content":{"rendered":"<p>S\u00e1nchez decreta tres d\u00edas de luto oficial: \u201cVamos a dar con la verdad\u201d | 12 heridos permanecen en la UCI | Moreno afirma que el trabajo de identificaci\u00f3n ser\u00e1 \u201cintenso, duro y complicado\u201d. <a href=\"https:\/\/elpais.com\/espana\/2026-01-18\/ultima-hora-del-descarrilamiento-de-dos-trenes-en-adamuz.html\">Leer m\u00e1s&#8230;<\/a><\/p>\n","protected":false},"excerpt":{"rendered":"<p>S\u00e1nchez decreta tres d\u00edas de luto oficial: \u201cVamos a dar con la verdad\u201d | 12 heridos permanecen en la UCI | Moreno afirma que el trabajo de identificaci\u00f3n ser\u00e1 \u201cintenso, duro y complicado\u201d. Leer m\u00e1s&#8230;<\/p>\n","protected":false},"author":1,"featured_media":0,"comment_status":"open","ping_status":"open","sticky":false,"template":"","format":"standard","meta":{"footnotes":""},"categories":[13],"tags":[],"class_list":["post-29128","post","type-post","status-publish","format-standard","hentry","category-revista-de-prensa","sent_by-el-pais"],"_links":{"self":[{"href":"https:\/\/www.prospereando.es\/index.php\/wp-json\/wp\/v2\/posts\/29128","targetHints":{"allow":["GET"]}}],"collection":[{"href":"https:\/\/www.prospereando.es\/index.php\/wp-json\/wp\/v2\/posts"}],"about":[{"href":"https:\/\/www.prospereando.es\/index.php\/wp-json\/wp\/v2\/types\/post"}],"author":[{"embeddable":true,"href":"https:\/\/www.prospereando.es\/index.php\/wp-json\/wp\/v2\/users\/1"}],"replies":[{"embeddable":true,"href":"https:\/\/www.prospereando.es\/index.php\/wp-json\/wp\/v2\/comments?post=29128"}],"version-history":[{"count":1,"href":"https:\/\/www.prospereando.es\/index.php\/wp-json\/wp\/v2\/posts\/29128\/revisions"}],"predecessor-version":[{"id":29129,"href":"https:\/\/www.prospereando.es\/index.php\/wp-json\/wp\/v2\/posts\/29128\/revisions\/29129"}],"wp:attachment":[{"href":"https:\/\/www.prospereando.es\/index.php\/wp-json\/wp\/v2\/media?parent=29128"}],"wp:term":[{"taxonomy":"category","embeddable":true,"href":"https:\/\/www.prospereando.es\/index.php\/wp-json\/wp\/v2\/categories?post=29128"},{"taxonomy":"post_tag","embeddable":true,"href":"https:\/\/www.prospereando.es\/index.php\/wp-json\/wp\/v2\/tags?post=29128"}],"curies":[{"name":"wp","href":"https:\/\/api.w.org\/{rel}","templated":true}]}}