{"id":2905,"date":"2017-01-23T22:00:33","date_gmt":"2017-01-23T22:00:33","guid":{"rendered":"http:\/\/www.prospereando.es\/?p=2905"},"modified":"2017-01-23T22:00:33","modified_gmt":"2017-01-23T22:00:33","slug":"modernidad-liquida","status":"publish","type":"post","link":"https:\/\/www.prospereando.es\/index.php\/2017\/01\/23\/modernidad-liquida\/","title":{"rendered":"\u00bfModernidad l\u00edquida?"},"content":{"rendered":"<p>El fil\u00f3sofo y soci\u00f3logo polaco de origen jud\u00edo, Zygmunt Bauman ha fallecido el 8 de enero de 2017. A su marcha ha dejado una extensa obra, que ayuda a entender los profundos cambios que las sociedades est\u00e1n experimentando en su transici\u00f3n del siglo XX al  XXI.<\/p>\n<p>Su aportaci\u00f3n m\u00e1s conocida y popular es el concepto <strong>de modernidad s\u00f3lida y modernidad l\u00edquida<\/strong>. Por esto le fue concedido el Premio Pr\u00edncipe de Asturias de Comunicaci\u00f3n y Humanidades 2010.<\/p>\n<p>En \u00e9pocas pasadas y recientes, las estructuras del Estado, familia, trabajo, barrio, eran s\u00f3lidas y proporcionaban a los ciudadanos la formaci\u00f3n de una identidad estable.<\/p>\n<p>En la actualidad, todas estas estructuras se est\u00e1n desmoronando, son estructuras fr\u00e1giles, muy cambiantes, variables, y dan lugar a la modernidad l\u00edquida, de mayor inseguridad, incertidumbre, mayor capacidad de elecci\u00f3n y la formaci\u00f3n de identidades m\u00e1s fr\u00e1giles, permeables, que var\u00edan con la globalizaci\u00f3n y el consumismo.<\/p>\n<p>Se hace evidente a los ciudadanos la necesidad de hacerse con una identidad flexible y vers\u00e1til que haga frente a las mutaciones que hay que enfrentar durante la vida.<\/p>\n<p>Seg\u00fan Bauman el concepto <u>trabajo<\/u> se est\u00e1 moviendo, se est\u00e1 desplazando. La estructuraci\u00f3n de las relaciones laborales es diferente a las de a\u00f1os pasados.<\/p>\n<p>Hoy es dif\u00edcil conseguir un puesto de trabajo y las personas tienen que luchar por mantener su puesto una vez lo consiguen.<\/p>\n<p>El trabajo es fuente de incertidumbre y miedo y el miedo produce reacciones contra la diferencia que lleva a una deshumanizaci\u00f3n, tomar posturas contra los refugiados, y la inmigraci\u00f3n econ\u00f3mica por el temor de tener que competir en el mundo laboral.<br \/>\nSe incrementan las desigualdades y el miedo a lo desconocido.<\/p>\n<p>Otros  aspectos de su pensamiento  ayudan a reflexionar para una mayor comprensi\u00f3n de los cambios sociales din\u00e1micos que se est\u00e1n produciendo:<br \/> <u>la individualizaci\u00f3n<\/u>, que comporta la gesti\u00f3n de la felicidad como deseo individual frente a la idea de deseo para todo el g\u00e9nero humano que aportaba la Ilustraci\u00f3n. El gestionar cada uno la propia salud, a\u00fan con pocos recursos.<\/p>\n<p>El exceso de conocimiento, que hace dif\u00edcil distinguir entre el conocimiento \u00fatil y el que no lo es.<\/p>\n<p>En este sentido la paradoja de la globalizaci\u00f3n, con la tecnolog\u00eda y muchos flujos de conocimiento pueden dar mayor ignorancia y sin duda la  necesidad de interpretar la informaci\u00f3n, ante esta  invasi\u00f3n de datos y flujos informativos gestamos un engendro que no sabemos qu\u00e9 hacer con \u00e9l, \u201cun monstruo\u201d.<\/p>\n<p>Por \u00faltimo un gran \u00e9xito suyo ha sido <u>saber conectar lo cotidiano<\/u>, <u>con las grandes teor\u00edas filos\u00f3ficas<\/u> provocando an\u00e1lisis en profundidad de temas como: la post- verdad , banalizaci\u00f3n, consumo.<\/p>\n<p>Para,  \u201centender  este momento tan raro en que se acepta casi todo porque no somos capaces de entender casi nada\u201d, con el reto, en la actualidad, de convivir juntos personas diferentes, resaltando la importancia de la empat\u00eda y huyendo de posturas que se est\u00e1n dando en la convivencia de las sociedades occidentales como son la de excluir al otro, asimilar  al otro, o hacerle invisible.<\/p>\n","protected":false},"excerpt":{"rendered":"<p>El fil\u00f3sofo y soci\u00f3logo polaco de origen jud\u00edo, Zygmunt Bauman ha fallecido el 8 de enero de 2017. A su marcha ha dejado una extensa obra, que ayuda a entender los profundos cambios que las sociedades est\u00e1n experimentando en su transici\u00f3n del siglo XX al XXI.<\/p>\n","protected":false},"author":1,"featured_media":0,"comment_status":"closed","ping_status":"open","sticky":false,"template":"","format":"standard","meta":{"footnotes":""},"categories":[22],"tags":[],"class_list":["post-2905","post","type-post","status-publish","format-standard","hentry","category-editorial"],"_links":{"self":[{"href":"https:\/\/www.prospereando.es\/index.php\/wp-json\/wp\/v2\/posts\/2905","targetHints":{"allow":["GET"]}}],"collection":[{"href":"https:\/\/www.prospereando.es\/index.php\/wp-json\/wp\/v2\/posts"}],"about":[{"href":"https:\/\/www.prospereando.es\/index.php\/wp-json\/wp\/v2\/types\/post"}],"author":[{"embeddable":true,"href":"https:\/\/www.prospereando.es\/index.php\/wp-json\/wp\/v2\/users\/1"}],"replies":[{"embeddable":true,"href":"https:\/\/www.prospereando.es\/index.php\/wp-json\/wp\/v2\/comments?post=2905"}],"version-history":[{"count":0,"href":"https:\/\/www.prospereando.es\/index.php\/wp-json\/wp\/v2\/posts\/2905\/revisions"}],"wp:attachment":[{"href":"https:\/\/www.prospereando.es\/index.php\/wp-json\/wp\/v2\/media?parent=2905"}],"wp:term":[{"taxonomy":"category","embeddable":true,"href":"https:\/\/www.prospereando.es\/index.php\/wp-json\/wp\/v2\/categories?post=2905"},{"taxonomy":"post_tag","embeddable":true,"href":"https:\/\/www.prospereando.es\/index.php\/wp-json\/wp\/v2\/tags?post=2905"}],"curies":[{"name":"wp","href":"https:\/\/api.w.org\/{rel}","templated":true}]}}