{"id":2903,"date":"2017-01-23T21:51:45","date_gmt":"2017-01-23T21:51:45","guid":{"rendered":"http:\/\/www.prospereando.es\/?p=2903"},"modified":"2017-12-09T00:12:16","modified_gmt":"2017-12-08T23:12:16","slug":"compartiendo-arte-y-sentimientos","status":"publish","type":"post","link":"https:\/\/www.prospereando.es\/index.php\/2017\/01\/23\/compartiendo-arte-y-sentimientos\/","title":{"rendered":"Compartiendo arte y sentimientos"},"content":{"rendered":"<p><img loading=\"lazy\" decoding=\"async\" width=\"380\" height=\"204\" src=\"http:\/\/www.prospereando.es\/wp-content\/uploads\/2017\/01\/5696a.jpg\" class=\"alignleft size-medium\" id=\"wp-image-4132\" title=\"Presentaci\u00f3n de Jos\u00e9 Mar\u00eda Alfaya\" alt=\"Presentaci\u00f3n de Jos\u00e9 Mar\u00eda Alfaya\"\/><\/p>\n<p>Un encuentro festivo en  la Asociaci\u00f3n de Vecinos Valle Incl\u00e1n con el cantautor, amigo de siempre y vecino, Jos\u00e9 Mar\u00eda Alfaya<\/p>\n<p>Jos\u00e9 Mar\u00eda inici\u00f3 su actuaci\u00f3n con un pr\u00f3logo basado en un texto de la fil\u00f3sofa Eva Illoud en el que se ironiza sobre la medicalizaci\u00f3n de nuestros sentimientos.  Pas\u00f3 luego a rendir homenaje a la poeta \u00c1ngelina  Gatell, cantando tres poemas suyos: Sonetillo, Luc\u00eda y Jos\u00e9 y Los abuelos.<\/p>\n<p>Siguiendo con los homenajes, interpret\u00f3 un poema de Marcos Ana  \u201cSi salgo un d\u00eda a la vida\u201d, otro de Julio Cort\u00e1zar a Ernesto Ch\u00e9 Guevara y el \u201ccanto a Fidel\u201d de Carilda Oliver Labra. Continu\u00f3 con una  versi\u00f3n cantada del poema \u201cParejas\u201d de la poetisa Gloria Fuertes y luego altern\u00f3 canciones basadas en poemas infantiles de Pedro Ma\u00f1as y Juan Carlos Mart\u00edn, \u201cLa jaula de las fieras\u201d, con otras canciones de actualidad pol\u00edtica basadas en textos de Javier Mart\u00edn Gaitero, \u201cEl siglo del Tesorero\u201d.<\/p>\n<p><img loading=\"lazy\" decoding=\"async\" width=\"380\" height=\"463\" src=\"http:\/\/www.prospereando.es\/wp-content\/uploads\/2017\/01\/5696b.jpg\" class=\"alignleft size-medium\" id=\"wp-image-4133\" title=\"Jos\u00e9 Mar\u00eda Alfaya tocando la guitarra\" alt=\"Jos\u00e9 Mar\u00eda Alfaya tocando la guitarra\" srcset=\"https:\/\/www.prospereando.es\/wp-content\/uploads\/2017\/01\/5696b.jpg 380w, https:\/\/www.prospereando.es\/wp-content\/uploads\/2017\/01\/5696b-246x300.jpg 246w\" sizes=\"auto, (max-width: 380px) 100vw, 380px\" \/><\/p>\n<p>Los poemas de Pedro Ma\u00f1as  \u201dCiudad Laberinto\u201d son aquellos  en los que se recogen aspectos adultos de la ciudad: el ruido, el mercado, la incomunicaci\u00f3n\u2026  con sencillez y sensibilidad infantiles.<\/p>\n<p>\u201cLa jaula de las fieras\u201d tiene como protagonistas a animales que reflexionan sobre su propio destino o sobre el rol social que representan, Juan Carlos Martin que los hace hablar como personas y con sentimientos muy humanos.<\/p>\n<p>La velada transcurri\u00f3, amena, divertida y con acertada reflexi\u00f3n sobre lo que nos acontece de modo cotidiano, en la que no falt\u00f3 un peque\u00f1o piscolabis.<\/p>\n","protected":false},"excerpt":{"rendered":"<p> Un encuentro festivo en la Asociaci\u00f3n de Vecinos Valle Incl\u00e1n con el cantautor, amigo de siempre y vecino, Jos\u00e9 Mar\u00eda Alfaya<\/p>\n","protected":false},"author":1,"featured_media":4132,"comment_status":"closed","ping_status":"open","sticky":false,"template":"","format":"standard","meta":{"footnotes":""},"categories":[2],"tags":[],"class_list":["post-2903","post","type-post","status-publish","format-standard","has-post-thumbnail","hentry","category-entrevistas"],"_links":{"self":[{"href":"https:\/\/www.prospereando.es\/index.php\/wp-json\/wp\/v2\/posts\/2903","targetHints":{"allow":["GET"]}}],"collection":[{"href":"https:\/\/www.prospereando.es\/index.php\/wp-json\/wp\/v2\/posts"}],"about":[{"href":"https:\/\/www.prospereando.es\/index.php\/wp-json\/wp\/v2\/types\/post"}],"author":[{"embeddable":true,"href":"https:\/\/www.prospereando.es\/index.php\/wp-json\/wp\/v2\/users\/1"}],"replies":[{"embeddable":true,"href":"https:\/\/www.prospereando.es\/index.php\/wp-json\/wp\/v2\/comments?post=2903"}],"version-history":[{"count":1,"href":"https:\/\/www.prospereando.es\/index.php\/wp-json\/wp\/v2\/posts\/2903\/revisions"}],"predecessor-version":[{"id":8021,"href":"https:\/\/www.prospereando.es\/index.php\/wp-json\/wp\/v2\/posts\/2903\/revisions\/8021"}],"wp:featuredmedia":[{"embeddable":true,"href":"https:\/\/www.prospereando.es\/index.php\/wp-json\/wp\/v2\/media\/4132"}],"wp:attachment":[{"href":"https:\/\/www.prospereando.es\/index.php\/wp-json\/wp\/v2\/media?parent=2903"}],"wp:term":[{"taxonomy":"category","embeddable":true,"href":"https:\/\/www.prospereando.es\/index.php\/wp-json\/wp\/v2\/categories?post=2903"},{"taxonomy":"post_tag","embeddable":true,"href":"https:\/\/www.prospereando.es\/index.php\/wp-json\/wp\/v2\/tags?post=2903"}],"curies":[{"name":"wp","href":"https:\/\/api.w.org\/{rel}","templated":true}]}}