{"id":2898,"date":"2017-01-05T21:47:58","date_gmt":"2017-01-05T21:47:58","guid":{"rendered":"http:\/\/www.prospereando.es\/?p=2898"},"modified":"2017-01-05T22:09:56","modified_gmt":"2017-01-05T22:09:56","slug":"los-reyes-magos-en-chamartin","status":"publish","type":"post","link":"https:\/\/www.prospereando.es\/index.php\/2017\/01\/05\/los-reyes-magos-en-chamartin\/","title":{"rendered":"Los Reyes Magos en Chamart\u00edn"},"content":{"rendered":"<\/p>\n<p><img loading=\"lazy\" decoding=\"async\" width=\"380\" height=\"149\" src=\"http:\/\/www.prospereando.es\/wp-content\/uploads\/2017\/01\/5699a.jpg\" class=\"alignleft size-medium\" id=\"wp-image-4123\" title=\"Los Reyes Magos\" alt=\"Los Reyes Magos\" srcset=\"https:\/\/www.prospereando.es\/wp-content\/uploads\/2017\/01\/5699a.jpg 380w, https:\/\/www.prospereando.es\/wp-content\/uploads\/2017\/01\/5699a-300x118.jpg 300w\" sizes=\"auto, (max-width: 380px) 100vw, 380px\" \/><\/p>\n<p>Este mi\u00e9rcoles tuvo lugar la Cabalgata de Reyes del distrito de Chamart\u00edn. La primera de Madrid.<\/p>\n<p>Por la tarde, con cierto retraso por las medidas de seguridad, sali\u00f3 la comitiva desde la Plaza de Per\u00fa, para descendiendo por Pr\u00edncipe de Vergara tomar la calle Pradillo, desembocar en la calle Nieremberg, para alcanzar la calle L\u00f3pez de Hoyos y llegar finalmente a la Plaza de Prosperidad, donde tuvo lugar la recepci\u00f3n real con alocuci\u00f3n de sus Majestades, entrega de cartas por parte del p\u00fablico infantil y una festejada chocolatada con rosc\u00f3n.<\/p>\n<p>Trascurri\u00f3 en un ambiente de m\u00fasica, alegr\u00eda, emoci\u00f3n de los numerosos ni\u00f1os y tambi\u00e9n adultos que estaban apostados en las calles y en la Plaza.<\/p>\n<p><img loading=\"lazy\" decoding=\"async\" width=\"380\" height=\"285\" src=\"http:\/\/www.prospereando.es\/wp-content\/uploads\/2017\/01\/5699d.jpg\" class=\"alignleft size-medium\" id=\"wp-image-4124\" title=\"La caballer\u00eda de la Polic\u00eda Municipal\" alt=\"La caballer\u00eda de la Policia Municipal\" srcset=\"https:\/\/www.prospereando.es\/wp-content\/uploads\/2017\/01\/5699d.jpg 380w, https:\/\/www.prospereando.es\/wp-content\/uploads\/2017\/01\/5699d-300x225.jpg 300w\" sizes=\"auto, (max-width: 380px) 100vw, 380px\" \/><\/p>\n<p>Encabezada por el escuadr\u00f3n de caballer\u00eda de la Polic\u00eda Municipal, seguida por la Banda sinf\u00f3nica de dicho Cuerpo y amenizada por las Ampas del Distrito, que representaban a los cinco  continentes, se abr\u00eda paso la carroza de las asociaciones, junto a un Pasacalles  circense, compuesto por m\u00fasicos y artistas. A continuaci\u00f3n la carroza de las Pymes del Distrito. En las carrozas, ni\u00f1os, ni\u00f1as y j\u00f3venes, todos disfrazados de distintos personajes b\u00edblicos, legendarios y con coloridos atuendos, tiraban caramelos a diestro y siniestro entre el griter\u00edo de los peque\u00f1os que solicitaba las golosinas.<\/p>\n<p><img loading=\"lazy\" decoding=\"async\" width=\"380\" height=\"285\" src=\"http:\/\/www.prospereando.es\/wp-content\/uploads\/2017\/01\/5699c.jpg\" class=\"alignleft size-medium\" id=\"wp-image-4125\" title=\"Un grupo de pastores\" alt=\"Un grupo de pastores\" srcset=\"https:\/\/www.prospereando.es\/wp-content\/uploads\/2017\/01\/5699c.jpg 380w, https:\/\/www.prospereando.es\/wp-content\/uploads\/2017\/01\/5699c-300x225.jpg 300w\" sizes=\"auto, (max-width: 380px) 100vw, 380px\" \/><\/p>\n<p>La colaboraci\u00f3n de la Asociaci\u00f3n Valle-Incl\u00e1n, El Madro\u00f1o y Jaire se hizo visible, con la aparici\u00f3n,  entre aplausos, de las tres carrozas de los Reyes Magos: Melchor, Gaspar y Baltasar, muy solemnes con sus pajes y tras sentarse, ya en la Plaza, en sus respectivos tronos, se dirigieron a los presentes con un saludo para todos los ni\u00f1os del distrito y del Mundo entero, explicando \u201cque ven\u00edan de muy lejos, siguiendo una estrella que ilumina el futuro\u201d, provocando expectaci\u00f3n ante su magia, e invitando a la solidaridad entre todos &#8230;\u201cdejaremos los regalos que con tanta ilusi\u00f3n esper\u00e1is, queremos despedirnos pidi\u00e9ndoos que se\u00e1is lo m\u00e1s felices posibles y que hag\u00e1is realidad vuestros m\u00e1s bellos sue\u00f1os\u201d, dijeron.<\/p>\n<p><img loading=\"lazy\" decoding=\"async\" width=\"380\" height=\"285\" src=\"http:\/\/www.prospereando.es\/wp-content\/uploads\/2017\/01\/5699b.jpg\" class=\"alignleft size-medium\" id=\"wp-image-4126\" title=\"Una carroza\" alt=\"Una carroza\" srcset=\"https:\/\/www.prospereando.es\/wp-content\/uploads\/2017\/01\/5699b.jpg 380w, https:\/\/www.prospereando.es\/wp-content\/uploads\/2017\/01\/5699b-300x225.jpg 300w\" sizes=\"auto, (max-width: 380px) 100vw, 380px\" \/><\/p>\n<p><img loading=\"lazy\" decoding=\"async\" width=\"380\" height=\"214\" src=\"http:\/\/www.prospereando.es\/wp-content\/uploads\/2017\/01\/5699e.jpg\" class=\"alignleft size-medium\" id=\"wp-image-4127\" title=\"Una carroza con rey\" alt=\"Una carroza con rey\" srcset=\"https:\/\/www.prospereando.es\/wp-content\/uploads\/2017\/01\/5699e.jpg 380w, https:\/\/www.prospereando.es\/wp-content\/uploads\/2017\/01\/5699e-300x169.jpg 300w\" sizes=\"auto, (max-width: 380px) 100vw, 380px\" \/><\/p>\n<p><img loading=\"lazy\" decoding=\"async\" width=\"380\" height=\"285\" src=\"http:\/\/www.prospereando.es\/wp-content\/uploads\/2017\/01\/5699f.jpg\" class=\"alignleft size-medium\" id=\"wp-image-4128\" title=\"Otra carroza\" alt=\"Otra carroza\" srcset=\"https:\/\/www.prospereando.es\/wp-content\/uploads\/2017\/01\/5699f.jpg 380w, https:\/\/www.prospereando.es\/wp-content\/uploads\/2017\/01\/5699f-300x225.jpg 300w\" sizes=\"auto, (max-width: 380px) 100vw, 380px\" \/><\/p>\n<p><img loading=\"lazy\" decoding=\"async\" width=\"380\" height=\"285\" src=\"http:\/\/www.prospereando.es\/wp-content\/uploads\/2017\/01\/5699g.jpg\" class=\"alignleft size-medium\" id=\"wp-image-4129\" title=\"Los Reyes magos\" alt=\"Los Reyes Magos\" srcset=\"https:\/\/www.prospereando.es\/wp-content\/uploads\/2017\/01\/5699g.jpg 380w, https:\/\/www.prospereando.es\/wp-content\/uploads\/2017\/01\/5699g-300x225.jpg 300w\" sizes=\"auto, (max-width: 380px) 100vw, 380px\" \/><\/p>\n","protected":false},"excerpt":{"rendered":"<p> Este mi\u00e9rcoles tuvo lugar la Cabalgata de Reyes del distrito de Chamart\u00edn. La primera de Madrid.<\/p>\n","protected":false},"author":1,"featured_media":4123,"comment_status":"closed","ping_status":"open","sticky":false,"template":"","format":"standard","meta":{"footnotes":""},"categories":[26],"tags":[],"class_list":["post-2898","post","type-post","status-publish","format-standard","has-post-thumbnail","hentry","category-nuestro-barrio","sent_by-gloria-cavanna"],"_links":{"self":[{"href":"https:\/\/www.prospereando.es\/index.php\/wp-json\/wp\/v2\/posts\/2898","targetHints":{"allow":["GET"]}}],"collection":[{"href":"https:\/\/www.prospereando.es\/index.php\/wp-json\/wp\/v2\/posts"}],"about":[{"href":"https:\/\/www.prospereando.es\/index.php\/wp-json\/wp\/v2\/types\/post"}],"author":[{"embeddable":true,"href":"https:\/\/www.prospereando.es\/index.php\/wp-json\/wp\/v2\/users\/1"}],"replies":[{"embeddable":true,"href":"https:\/\/www.prospereando.es\/index.php\/wp-json\/wp\/v2\/comments?post=2898"}],"version-history":[{"count":0,"href":"https:\/\/www.prospereando.es\/index.php\/wp-json\/wp\/v2\/posts\/2898\/revisions"}],"wp:featuredmedia":[{"embeddable":true,"href":"https:\/\/www.prospereando.es\/index.php\/wp-json\/wp\/v2\/media\/4123"}],"wp:attachment":[{"href":"https:\/\/www.prospereando.es\/index.php\/wp-json\/wp\/v2\/media?parent=2898"}],"wp:term":[{"taxonomy":"category","embeddable":true,"href":"https:\/\/www.prospereando.es\/index.php\/wp-json\/wp\/v2\/categories?post=2898"},{"taxonomy":"post_tag","embeddable":true,"href":"https:\/\/www.prospereando.es\/index.php\/wp-json\/wp\/v2\/tags?post=2898"}],"curies":[{"name":"wp","href":"https:\/\/api.w.org\/{rel}","templated":true}]}}