{"id":2897,"date":"2017-01-03T21:54:33","date_gmt":"2017-01-03T21:54:33","guid":{"rendered":"http:\/\/www.prospereando.es\/?p=2897"},"modified":"2017-01-03T22:23:59","modified_gmt":"2017-01-03T22:23:59","slug":"una-navidad-mas-en-la-aso-valle-inclan","status":"publish","type":"post","link":"https:\/\/www.prospereando.es\/index.php\/2017\/01\/03\/una-navidad-mas-en-la-aso-valle-inclan\/","title":{"rendered":"Una Navidad m\u00e1s en la Aso  Valle-Incl\u00e1n"},"content":{"rendered":"<\/p>\n<p><img loading=\"lazy\" decoding=\"async\" width=\"380\" height=\"252\" src=\"http:\/\/www.prospereando.es\/wp-content\/uploads\/2017\/01\/5700a.jpg\" class=\"alignleft size-medium\" id=\"wp-image-4117\" title=\"Fiesta Navidad en la Aso\" alt=\"Fiesta Navidad en la Aso\" srcset=\"https:\/\/www.prospereando.es\/wp-content\/uploads\/2017\/01\/5700a.jpg 380w, https:\/\/www.prospereando.es\/wp-content\/uploads\/2017\/01\/5700a-300x199.jpg 300w\" sizes=\"auto, (max-width: 380px) 100vw, 380px\" \/><\/p>\n<p>Como ya es tradici\u00f3n en la Aso de vecinos Valle Incl\u00e1n se ha celebrado la Fiesta navide\u00f1a.<\/p>\n<p>La present\u00f3 Seju Monz\u00f3n que consigui\u00f3, con sus acertados y humor\u00edsticos comentarios, hacer sonre\u00edr y re\u00edr a toda la concurrencia, a lo largo de la velada.<\/p>\n<p>Saludo de la Presidenta de honor, que hizo hincapi\u00e9 en el drama humanitario que se est\u00e1 viviendo con las migraciones y la guerra de Siria, tambi\u00e9n en el  rastrillo solidario que, con ese motivo, la Asociaci\u00f3n ofrece al barrio en estos d\u00edas.<\/p>\n<p><img loading=\"lazy\" decoding=\"async\" width=\"380\" height=\"252\" src=\"http:\/\/www.prospereando.es\/wp-content\/uploads\/2017\/01\/5700b.jpg\" class=\"alignleft size-medium\" id=\"wp-image-4118\" title=\"La Presidenta presenta\" alt=\"La Presidenta presenta\" srcset=\"https:\/\/www.prospereando.es\/wp-content\/uploads\/2017\/01\/5700b.jpg 380w, https:\/\/www.prospereando.es\/wp-content\/uploads\/2017\/01\/5700b-300x199.jpg 300w\" sizes=\"auto, (max-width: 380px) 100vw, 380px\" \/><\/p>\n<p>Despu\u00e9s la intervenci\u00f3n del Coro, con una Nana Extreme\u00f1a y una bonita habanera. A continuaci\u00f3n la obra teatral \u201cContra viento y Marea\u201d (adjuntamos el archivo de la obra),  que el conductor introdujo as\u00ed:<\/p>\n<p><img loading=\"lazy\" decoding=\"async\" width=\"380\" height=\"252\" src=\"http:\/\/www.prospereando.es\/wp-content\/uploads\/2017\/01\/5700c.jpg\" class=\"alignleft size-medium\" id=\"wp-image-4119\" title=\"Primera actriz\" alt=\"Primera actriz\" srcset=\"https:\/\/www.prospereando.es\/wp-content\/uploads\/2017\/01\/5700c.jpg 380w, https:\/\/www.prospereando.es\/wp-content\/uploads\/2017\/01\/5700c-300x199.jpg 300w\" sizes=\"auto, (max-width: 380px) 100vw, 380px\" \/><\/p>\n<p><strong>\u201cEs una loa a la Democracia simbolizada por una Boya.. Destaca de un modo metaf\u00f3rico y cercano su abordaje,  desde distintos \u00e1ngulos y el reconocimiento de que aunque viene de lejos,  hay que seguir cultiv\u00e1ndola y mim\u00e1ndola.<\/strong><\/p>\n<p><strong> <\/strong> <\/p>\n<p><strong>Cuatro vecinos ante una locutora de radio comentan diferentes aspectos de sus dificultades vitales etc.. Estos, son invitados a trasladarse a una playa, d\u00f3nde se desarrollan maneras, rasgos y valores de sus respectivos quehaceres vitales en relaci\u00f3n con la democracia\u201d.<\/strong><\/p>\n<p><img loading=\"lazy\" decoding=\"async\" width=\"380\" height=\"252\" src=\"http:\/\/www.prospereando.es\/wp-content\/uploads\/2017\/01\/5700e.jpg\" class=\"alignleft size-medium\" id=\"wp-image-4120\" title=\"Nadando hacia la boya\" alt=\"Nadando hacia la boya\" srcset=\"https:\/\/www.prospereando.es\/wp-content\/uploads\/2017\/01\/5700e.jpg 380w, https:\/\/www.prospereando.es\/wp-content\/uploads\/2017\/01\/5700e-300x199.jpg 300w\" sizes=\"auto, (max-width: 380px) 100vw, 380px\" \/><\/p>\n<p>Hubo un ambiente muy festivo, de reencuentro, alegr\u00eda y convivencia entre los vecinos del barrio, amigos y todo aquel que tuvo a bien acercarse por el local de la Asociaci\u00f3n en ese d\u00eda.<\/p>\n<p><img loading=\"lazy\" decoding=\"async\" width=\"380\" height=\"252\" src=\"http:\/\/www.prospereando.es\/wp-content\/uploads\/2017\/01\/5700f.jpg\" class=\"alignleft size-medium\" id=\"wp-image-4121\" title=\"Degustaci\u00f3n 1\" alt=\"Degustaci\u00f3n\" srcset=\"https:\/\/www.prospereando.es\/wp-content\/uploads\/2017\/01\/5700f.jpg 380w, https:\/\/www.prospereando.es\/wp-content\/uploads\/2017\/01\/5700f-300x199.jpg 300w\" sizes=\"auto, (max-width: 380px) 100vw, 380px\" \/><\/p>\n<p>Jes\u00fas, con su arm\u00f3nica, interpret\u00f3 \u201cNoche de Paz\u201d, expresando muy buenos deseos para el A\u00f1o 2017, que ya est\u00e1 llegando.\n<\/p>\n<p>Tras compartir el rico \u201cvino ilustrado\u201d, finaliz\u00f3 la Fiesta de Navidad 2016.<\/p>\n<p><img loading=\"lazy\" decoding=\"async\" width=\"380\" height=\"252\" src=\"http:\/\/www.prospereando.es\/wp-content\/uploads\/2017\/01\/5700g.jpg\" class=\"alignleft size-medium\" id=\"wp-image-4122\" title=\"Degustaci\u00f3n 2\" alt=\"Degustaci\u00f3n\" srcset=\"https:\/\/www.prospereando.es\/wp-content\/uploads\/2017\/01\/5700g.jpg 380w, https:\/\/www.prospereando.es\/wp-content\/uploads\/2017\/01\/5700g-300x199.jpg 300w\" sizes=\"auto, (max-width: 380px) 100vw, 380px\" \/><\/p>\n<p><a href=\"\/doc\/contra_viento_y_marea.doc\">(Ver la obra  en archivo doc)<\/a><\/p>\n","protected":false},"excerpt":{"rendered":"<p> Como ya es tradici\u00f3n en la Aso de vecinos Valle Incl\u00e1n se ha celebrado la Fiesta navide\u00f1a.<\/p>\n","protected":false},"author":1,"featured_media":4117,"comment_status":"closed","ping_status":"open","sticky":false,"template":"","format":"standard","meta":{"footnotes":""},"categories":[26],"tags":[],"class_list":["post-2897","post","type-post","status-publish","format-standard","has-post-thumbnail","hentry","category-nuestro-barrio","sent_by-maribel-rodriguez-gorostiza"],"_links":{"self":[{"href":"https:\/\/www.prospereando.es\/index.php\/wp-json\/wp\/v2\/posts\/2897","targetHints":{"allow":["GET"]}}],"collection":[{"href":"https:\/\/www.prospereando.es\/index.php\/wp-json\/wp\/v2\/posts"}],"about":[{"href":"https:\/\/www.prospereando.es\/index.php\/wp-json\/wp\/v2\/types\/post"}],"author":[{"embeddable":true,"href":"https:\/\/www.prospereando.es\/index.php\/wp-json\/wp\/v2\/users\/1"}],"replies":[{"embeddable":true,"href":"https:\/\/www.prospereando.es\/index.php\/wp-json\/wp\/v2\/comments?post=2897"}],"version-history":[{"count":0,"href":"https:\/\/www.prospereando.es\/index.php\/wp-json\/wp\/v2\/posts\/2897\/revisions"}],"wp:featuredmedia":[{"embeddable":true,"href":"https:\/\/www.prospereando.es\/index.php\/wp-json\/wp\/v2\/media\/4117"}],"wp:attachment":[{"href":"https:\/\/www.prospereando.es\/index.php\/wp-json\/wp\/v2\/media?parent=2897"}],"wp:term":[{"taxonomy":"category","embeddable":true,"href":"https:\/\/www.prospereando.es\/index.php\/wp-json\/wp\/v2\/categories?post=2897"},{"taxonomy":"post_tag","embeddable":true,"href":"https:\/\/www.prospereando.es\/index.php\/wp-json\/wp\/v2\/tags?post=2897"}],"curies":[{"name":"wp","href":"https:\/\/api.w.org\/{rel}","templated":true}]}}