{"id":2896,"date":"2017-01-03T21:50:29","date_gmt":"2017-01-03T21:50:29","guid":{"rendered":"http:\/\/www.prospereando.es\/?p=2896"},"modified":"2017-01-03T22:15:13","modified_gmt":"2017-01-03T22:15:13","slug":"2017-un-ano-de-incertidumbres","status":"publish","type":"post","link":"https:\/\/www.prospereando.es\/index.php\/2017\/01\/03\/2017-un-ano-de-incertidumbres\/","title":{"rendered":"2017, un a\u00f1o de incertidumbres"},"content":{"rendered":"<p>La elecci\u00f3n de Donald Trump al frente del mayor poder econ\u00f3mico mundial con unas propuestas ultraconservadoras hace temer un retroceso en los logros sociopol\u00edticos estadounidenses y en la repercusi\u00f3n mundial que esto pueda tener.<\/p>\n<p>Las potencias rusa y china que se presentan autoritarias, la situaci\u00f3n de Siria y el contragolpe de Turqu\u00eda con la eliminaci\u00f3n de derechos, presentan un panorama poco favorable hac\u00eda valores de igualdad y democracia mundiales.<\/p>\n<p>En Europa han de realizarse elecciones en Holanda, Francia y Alemania y la extrema derecha est\u00e1 ganando posiciones con motivo de la crisis de los refugiados y el alza de los nacionalismos.<\/p>\n<p>La U.E. tiene que reaccionar y rescatando lo mejor de su tradici\u00f3n de  defensa humanista, de la libertad, de la igualdad y de la raz\u00f3n, buscar una cohesi\u00f3n que implique avanzar hac\u00eda una uni\u00f3n pol\u00edtica, econ\u00f3mica y social que pueda jugar un papel en el mundo de adalid de los DDHH.<\/p>\n<p>Ya, en un \u00e1mbito m\u00e1s cercano que es Espa\u00f1a vemos que en un pa\u00eds en el que estos \u00faltimos a\u00f1os se han acentuado las desigualdades ha comenzado una legislatura de corte similar a las anteriores con una oposici\u00f3n que si bien realiza acciones simb\u00f3licas en el Parlamento, no parece que tenga el suficiente acuerdo para hacer propuestas que deroguen leyes y poder sustituirlas por otras que favorezcan los derechos sociales de la mayor\u00eda.<\/p>\n<p>As\u00ed pues, en este a\u00f1o que da sus primeros pasos, se va a hacer imprescindible, adem\u00e1s de la contribuci\u00f3n ciudadana a todos los niveles tanto en la acci\u00f3n pol\u00edtica presionando a las instituciones, como en el desarrollo de la solidaridad para paliar las desigualdades de forma que suponga siempre un reconocimiento y refuerzo de la dignidad de todos los seres humanos. Hay tarea por delante. \u00a1Feliz A\u00f1o! <\/p>\n","protected":false},"excerpt":{"rendered":"<p>La elecci\u00f3n de Donald Trump al frente del mayor poder econ\u00f3mico mundial con unas propuestas ultraconservadoras hace temer un retroceso en los logros sociopol\u00edticos estadounidenses y en la repercusi\u00f3n mundial que esto pueda tener.<\/p>\n","protected":false},"author":1,"featured_media":0,"comment_status":"closed","ping_status":"open","sticky":false,"template":"","format":"standard","meta":{"footnotes":""},"categories":[22],"tags":[],"class_list":["post-2896","post","type-post","status-publish","format-standard","hentry","category-editorial"],"_links":{"self":[{"href":"https:\/\/www.prospereando.es\/index.php\/wp-json\/wp\/v2\/posts\/2896","targetHints":{"allow":["GET"]}}],"collection":[{"href":"https:\/\/www.prospereando.es\/index.php\/wp-json\/wp\/v2\/posts"}],"about":[{"href":"https:\/\/www.prospereando.es\/index.php\/wp-json\/wp\/v2\/types\/post"}],"author":[{"embeddable":true,"href":"https:\/\/www.prospereando.es\/index.php\/wp-json\/wp\/v2\/users\/1"}],"replies":[{"embeddable":true,"href":"https:\/\/www.prospereando.es\/index.php\/wp-json\/wp\/v2\/comments?post=2896"}],"version-history":[{"count":0,"href":"https:\/\/www.prospereando.es\/index.php\/wp-json\/wp\/v2\/posts\/2896\/revisions"}],"wp:attachment":[{"href":"https:\/\/www.prospereando.es\/index.php\/wp-json\/wp\/v2\/media?parent=2896"}],"wp:term":[{"taxonomy":"category","embeddable":true,"href":"https:\/\/www.prospereando.es\/index.php\/wp-json\/wp\/v2\/categories?post=2896"},{"taxonomy":"post_tag","embeddable":true,"href":"https:\/\/www.prospereando.es\/index.php\/wp-json\/wp\/v2\/tags?post=2896"}],"curies":[{"name":"wp","href":"https:\/\/api.w.org\/{rel}","templated":true}]}}