{"id":2895,"date":"2016-12-22T23:08:25","date_gmt":"2016-12-22T23:08:25","guid":{"rendered":"http:\/\/www.prospereando.es\/?p=2895"},"modified":"2017-12-07T23:27:49","modified_gmt":"2017-12-07T22:27:49","slug":"paz-y-olvido","status":"publish","type":"post","link":"https:\/\/www.prospereando.es\/index.php\/2016\/12\/22\/paz-y-olvido\/","title":{"rendered":"Paz y olvido"},"content":{"rendered":"<\/p>\n<p>En estos d\u00edas todo parece indicar, por mor de la tradici\u00f3n, que hay que hablar de paz. Pero solo hablar de Paz.<\/p>\n<p>Todos hablamos de esa paz peque\u00f1ita, hecha de lamentos y girones de dignidad y cargada de verg\u00fcenza. Una paz mentirosa, que solo sirve para dar portada a prensa y luz a los noticiarios. Mientras tanto, el enemigo A vomita las bombas rosa sobre el enemigo B, este con ferocidad humana descarga el poder mort\u00edfero de sus bombas verde sobre el enemigo A. El enemigo C, vende las bombas rosa y las verdes, y mueren seres que no son A, tampoco B, aunque les gustar\u00eda vivir donde se acomoda el enemigo C.<\/p>\n<p>En nombre de la paz todos los amigos potenciales y abstractos de la no beligerancia acuerdan un compromiso socialmente vistoso y con grandes encajes de humanidad. Se llama AYUDA, pero se equipara a la nada en la m\u00e1s oscura y descarada desgana. Todo se vuelve proceso para engendrar un gran procedimiento\u2026, miento, miento.<\/p>\n<p>Los medios acusan, las ONG\u00b4s delatan, las sociedades se crispan y no pasa nada, el procedimiento\u2026, miento, es lento y asustadizo.<\/p>\n<p>La paz sigue invicta en la voz de todos los organismos nacionales y supranacionales, la geoestrategia est\u00e1 vencida, opinan unos, la codicia se enfrenta al muro social, opinan otros.<\/p>\n<p>Las bombas rosa y las verde siguen haciendo ruido y causando muerte, terror y desesperanza. Algunos opinan sobre Alepo, dicen que huele a victoria, otros piensan que los de Damasco dan asco.<\/p>\n<p>La esperanza borda con telara\u00f1as su mortaja, nadie hace nada.<\/p>\n<p>De pronto se escucha la voz del poeta que marca como debe ser la LABOR<\/p>\n<p><em>Paz, para la pluma y para el aire<\/em><\/p>\n<p><em> <\/em><\/p>\n<p><em>Paz, para el papel y para el fuego<\/em><\/p>\n<p><em> <\/em><\/p>\n<p><em>Paz, para la palabra y para la tierra<\/em><\/p>\n<p><em> <\/em><\/p>\n<p><em>Paz, para el pan y para el agua<\/em><\/p>\n<p><em> <\/em><\/p>\n<p><em>Paz, para el amor y para la casa<\/em><\/p>\n<p><em> <\/em><\/p>\n<p><em>Paz, para el pensamiento y para el camino<\/em><\/p>\n<p><em> <\/em><\/p>\n<p><em>Paz, para la semilla y para el \u00e1tomo<\/em><\/p>\n<p><em> <\/em><\/p>\n<p><em>Paz, para la obra y para el hombre<\/em><\/p>\n<p>Son versos de Blas de Otero. El poeta siempre silente ha pasado sin ser percibido, como a \u00e9l le gustaba, paseando por las calles, lentamente, con amigos.<\/p>\n<p>Este a\u00f1o hace un siglo que naci\u00f3 y nadie le ha recordado, \u00bfpara qu\u00e9?, era un hombre que hablaba de paz y justicia social, un poeta.<\/p>\n<p>No solo Blas, ha pasado sin hacer ruido ni extra\u00f1ado por los ciudadanos de aqu\u00ed y de all\u00e1.<\/p>\n<p>Se cumplieron este 2016, 80 a\u00f1os de la muerte de Valle Incl\u00e1n, fue la noche de Reyes, D. Ram\u00f3n M\u00aa siempre fue m\u00e1gico, hasta para morir.<\/p>\n<p>Otro poeta que no muri\u00f3, que lo mataron, cumple este a\u00f1o el 80 aniversario de su paseo negro, Federico. Y muchos nos preguntamos \u00bfd\u00f3nde est\u00e1 Federico?<\/p>\n<p>Al amanecer, la luna a\u00fan pintaba de plata los campos de Granada, al alborear de un d\u00eda oscuro de agosto el poeta, el m\u00fasico, el dramaturgo, el orador, el intelectual\u2026<\/p>\n<p>\u00bfD\u00f3nde est\u00e1 Federico?<\/p>\n<p>Pero hoy las administraciones no lo recuerdan, \u00bfa\u00fan escueces Federico?<\/p>\n<p>Solo la compa\u00f1\u00eda de teatro de la Casa de C\u00f3rdoba, puso en marcha Mariana Pineda, Marisa Cruzado era Mariana, seguro que a Federico le hubiera gustado su interpretaci\u00f3n. Se les concedi\u00f3 el premio en el certamen de teatro de El Olivar de Castillejos. Gracias, Rafael por la buena direcci\u00f3n de Mariana Pineda.<\/p>\n<p>En el mismo a\u00f1o muri\u00f3 Unamuno, con los fr\u00edos de noviembre, tampoco nadie lo ha recordado. Parece ser que ni venci\u00f3 ni convenci\u00f3.<\/p>\n<p>Tambi\u00e9n se han cumplido cien a\u00f1os del nacimiento de Antonio Buero Vallejo, ha pasado como con el resto de autores, nada sobre la rotunda nada. Pasaron sin pena ni gloria, solo la sombra de nuestros silencios les otorga la paz. El silencio est\u00e1 en cada rellano de esta escalera que \u00e9l nos mostr\u00f3.<\/p>\n<p>Recordar que cada frase en sus obras era un trazo con el grafito o con el pincel, que sus obras son cuadros magistrales, que fue uno de los pocos creadores del teatro popular, junto con Lauro Olmo  y est\u00e1 encuadrado con los autores del teatro social de posguerra, junto al ya mencionado Olmo, Sastre, y aunque no lo parezca, en un principio, Paso.<\/p>\n<p>Autores que nos ayudaron a ver la vida de otra forma, que intentaron ense\u00f1arnos que hay otras cosas en la vida adem\u00e1s de las guerras y codicias, que apostaron por la PAZ en todas sus acepciones. Estos autores como tantos otros son eliminados de nuestro ideario para hacer m\u00e1s respetable el juego de las bombas, de las masacres, de las muertes a cualquier edad.<\/p>\n<p>Todo ello sin respuesta a ning\u00fan nivel.<\/p>\n<p>\u00bfSer\u00e1 verdad que la cultura no es lo que yo ten\u00eda pensado?<\/p>\n","protected":false},"excerpt":{"rendered":"<p>En estos d\u00edas todo parece indicar, por mor de la tradici\u00f3n, que hay que hablar de paz. Pero solo hablar de Paz.<\/p>\n","protected":false},"author":1,"featured_media":0,"comment_status":"closed","ping_status":"open","sticky":false,"template":"","format":"standard","meta":{"footnotes":""},"categories":[18],"tags":[],"class_list":["post-2895","post","type-post","status-publish","format-standard","hentry","category-cultura","sent_by-emilio-meseguer"],"_links":{"self":[{"href":"https:\/\/www.prospereando.es\/index.php\/wp-json\/wp\/v2\/posts\/2895","targetHints":{"allow":["GET"]}}],"collection":[{"href":"https:\/\/www.prospereando.es\/index.php\/wp-json\/wp\/v2\/posts"}],"about":[{"href":"https:\/\/www.prospereando.es\/index.php\/wp-json\/wp\/v2\/types\/post"}],"author":[{"embeddable":true,"href":"https:\/\/www.prospereando.es\/index.php\/wp-json\/wp\/v2\/users\/1"}],"replies":[{"embeddable":true,"href":"https:\/\/www.prospereando.es\/index.php\/wp-json\/wp\/v2\/comments?post=2895"}],"version-history":[{"count":1,"href":"https:\/\/www.prospereando.es\/index.php\/wp-json\/wp\/v2\/posts\/2895\/revisions"}],"predecessor-version":[{"id":7975,"href":"https:\/\/www.prospereando.es\/index.php\/wp-json\/wp\/v2\/posts\/2895\/revisions\/7975"}],"wp:attachment":[{"href":"https:\/\/www.prospereando.es\/index.php\/wp-json\/wp\/v2\/media?parent=2895"}],"wp:term":[{"taxonomy":"category","embeddable":true,"href":"https:\/\/www.prospereando.es\/index.php\/wp-json\/wp\/v2\/categories?post=2895"},{"taxonomy":"post_tag","embeddable":true,"href":"https:\/\/www.prospereando.es\/index.php\/wp-json\/wp\/v2\/tags?post=2895"}],"curies":[{"name":"wp","href":"https:\/\/api.w.org\/{rel}","templated":true}]}}