{"id":28856,"date":"2025-12-13T20:18:34","date_gmt":"2025-12-13T19:18:34","guid":{"rendered":"https:\/\/www.prospereando.es\/?p=28856"},"modified":"2025-12-13T20:18:34","modified_gmt":"2025-12-13T19:18:34","slug":"mejoras-insuficientes-en-la-tasa-de-basuras-de-madrid","status":"publish","type":"post","link":"https:\/\/www.prospereando.es\/index.php\/2025\/12\/13\/mejoras-insuficientes-en-la-tasa-de-basuras-de-madrid\/","title":{"rendered":"Mejoras insuficientes en la tasa de basuras de Madrid"},"content":{"rendered":"<p><img loading=\"lazy\" decoding=\"async\" class=\" wp-image-28864 aligncenter\" src=\"http:\/\/www.prospereando.es\/wp-content\/uploads\/2025\/12\/BasuraMadrid1-300x176.jpg\" alt=\"\" width=\"611\" height=\"358\" srcset=\"https:\/\/www.prospereando.es\/wp-content\/uploads\/2025\/12\/BasuraMadrid1-300x176.jpg 300w, https:\/\/www.prospereando.es\/wp-content\/uploads\/2025\/12\/BasuraMadrid1.jpg 600w\" sizes=\"auto, (max-width: 611px) 100vw, 611px\" \/><\/p>\n<p>Gracias a la presi\u00f3n vecinal, el Ayuntamiento de Madrid incorporar\u00e1 el n\u00famero de personas empadronadas en la Tarifa por Generaci\u00f3n de la tasa de basuras, pero seg\u00fan la FRAVM no ser\u00e1 suficiente. Por ello, ha presentado una bater\u00eda de alegaciones a la ordenanza fiscal reguladora de la tasa para el a\u00f1o pr\u00f3ximo<\/p>\n<p>Despu\u00e9s de varias semanas de campa\u00f1a para denunciar el car\u00e1cter injusto y poco progresivo de la actual tasa de basuras del Ayuntamiento de Madrid, y de impulsar la presentaci\u00f3n masiva de recursos de reposici\u00f3n, esta semana la Federaci\u00f3n Regional de Asociaciones Vecinales de Madrid (FRAVM) ha registrado en el Consistorio un documento de alegaciones a la propuesta de ordenanza fiscal que la regular\u00e1 en 2026.<\/p>\n<p>Aunque la presi\u00f3n vecinal ha logrado avances relevantes respecto a la tasa de este a\u00f1o \u2014como la incorporaci\u00f3n del n\u00famero de personas empadronadas en el c\u00e1lculo de la Tarifa por Generaci\u00f3n y las reducciones del 100 % para las familias perceptoras del Ingreso M\u00ednimo Vital (IMV) y la Renta M\u00ednima de Inserci\u00f3n (RMI)\u2014, la tasa contin\u00faa siendo socialmente injusta, ambientalmente poco eficaz y fiscalmente desequilibrada, al mantener un dise\u00f1o dominado por la parte fija y desligado de la capacidad econ\u00f3mica real de los hogares.<\/p>\n<p>La mayor parte de la recaudaci\u00f3n sigue concentr\u00e1ndose en la Tarifa B\u00e1sica (TB), ligada al valor catastral del inmueble, lo que representa alrededor del 80% del recibo, mientras que la Tarifa por Generaci\u00f3n (TG) apenas constituye un 20%. Seg\u00fan la FRAVM, es imposible que se apliquen con rigor los principios de \u201cquien contamina paga\u201d y \u201cquien m\u00e1s y peor genera, m\u00e1s debe contribuir\u201d. Por ello, la federaci\u00f3n propone reorientar \u201cde forma gradual pero decidida\u201d el modelo hacia un esquema en el que la TG vaya ganando peso frente a la TB: frente al 80-20 actual, pasar en 2026 a un 60\u201340 entre TB y TG, para llegar en el medio plazo a un 20\u201380.<\/p>\n<p>En paralelo, la organizaci\u00f3n vecinal propone avanzar en mecanismos como bonificaciones en la Tarifa por Generaci\u00f3n para hogares y comunidades que acrediten un uso habitual de puntos limpios y \u201creducciones para quienes participen en nodos de compostaje comunitario o en programas municipales de compostaje dom\u00e9stico en huertos comunitarios, en coherencia con la jerarqu\u00eda de residuos y la obligaci\u00f3n legal de potenciar la valorizaci\u00f3n org\u00e1nica\u201d.<\/p>\n<p>Por otro lado, la nueva ordenanza mantiene la misma tabla de tramos de generaci\u00f3n de residuos que en 2025, conservando un tramo muy amplio entre 200 y 500 kg\/persona a\u00f1o y un tramo abierto a partir de 500 kg, sin mayor desagregaci\u00f3n. Esto lleva a que un barrio que genera 210 kg pague pr\u00e1cticamente lo mismo que otro que genera 480 kg, lo que neutraliza cualquier incentivo real a la reducci\u00f3n. La FRAVM propone redise\u00f1ar los tramos \u201cpara que sean, a la vez, cre\u00edbles y exigentes, y que la ciudadan\u00eda perciba que cada mejora en la reducci\u00f3n de residuos tiene un reflejo tangible en la tasa\u201d.<\/p>\n<p>Propone tambi\u00e9n que se introduzcan coeficientes o bonificaciones generales por tramos de renta, de manera que las familias con ingresos m\u00e1s bajos vean reducida la TB y las de mayor capacidad econ\u00f3mica soporten una parte proporcionalmente mayor del coste.<\/p>\n<p>El criterio renta tambi\u00e9n deber\u00eda introducirse en las bonificaciones a familias numerosas para evitar que el Ayuntamiento subvencione a hogares con ingresos altos o muy altos, dejando fuera a familias con rentas bajas que no cumplen ese requisito. Propone, as\u00ed mismo, \u201cabrir el foco de las ayudas hacia otros hogares vulnerables que hoy quedan fuera (personas mayores solas con pensiones bajas, familias monoparentales con ingresos muy ajustados, personas en situaci\u00f3n de desempleo, etc.), integrando las bonificaciones en un esquema m\u00e1s amplio y coherente de protecci\u00f3n social ligado a renta y situaci\u00f3n real\u201d.<\/p>\n<p>Respecto a las Viviendas de Uso Tur\u00edstico, el proyecto de ordenanza no introduce ning\u00fan cambio real respecto a 2025. Siguen sin ser consideradas establecimientos de hospedaje, a pesar de su impacto en la generaci\u00f3n de residuos, que suele ser muy superior al de una vivienda habitual. Por ello, la FRAVM propone que se definan como \u201cactividad de hospedaje\u201d, y que se abra \u201c la puerta a una tasa tur\u00edstica o a recargos espec\u00edficos ligados al turismo destinada en parte a cubrir costes de limpieza y residuos en las zonas m\u00e1s afectadas, reduciendo as\u00ed la carga sobre la poblaci\u00f3n residente\u201d.<\/p>\n<p>Una de las principales quejas de la FRAVM en los \u00faltimos meses es que la creaci\u00f3n de la tasa no ha venido acompa\u00f1ada de una reducci\u00f3n equivalente del IBI. Las reducciones aplicadas en 2025 representaron menos del 15 % del importe de la tasa, lo que en la pr\u00e1ctica supone un doble cobro del servicio y un aumento de la presi\u00f3n fiscal sobre las familias.<\/p>\n<p>&nbsp;<\/p>\n","protected":false},"excerpt":{"rendered":"<p>Gracias a la presi\u00f3n vecinal, el Ayuntamiento de Madrid incorporar\u00e1 el n\u00famero de personas empadronadas en la Tarifa por Generaci\u00f3n de la tasa de basuras, pero seg\u00fan la FRAVM no ser\u00e1 suficiente. Por ello, ha presentado una bater\u00eda de alegaciones a la ordenanza fiscal reguladora de la tasa para el a\u00f1o pr\u00f3ximo<\/p>\n","protected":false},"author":1,"featured_media":28864,"comment_status":"open","ping_status":"open","sticky":false,"template":"","format":"standard","meta":{"footnotes":""},"categories":[14],"tags":[],"class_list":["post-28856","post","type-post","status-publish","format-standard","has-post-thumbnail","hentry","category-ciudadania","sent_by-prospereando"],"_links":{"self":[{"href":"https:\/\/www.prospereando.es\/index.php\/wp-json\/wp\/v2\/posts\/28856","targetHints":{"allow":["GET"]}}],"collection":[{"href":"https:\/\/www.prospereando.es\/index.php\/wp-json\/wp\/v2\/posts"}],"about":[{"href":"https:\/\/www.prospereando.es\/index.php\/wp-json\/wp\/v2\/types\/post"}],"author":[{"embeddable":true,"href":"https:\/\/www.prospereando.es\/index.php\/wp-json\/wp\/v2\/users\/1"}],"replies":[{"embeddable":true,"href":"https:\/\/www.prospereando.es\/index.php\/wp-json\/wp\/v2\/comments?post=28856"}],"version-history":[{"count":2,"href":"https:\/\/www.prospereando.es\/index.php\/wp-json\/wp\/v2\/posts\/28856\/revisions"}],"predecessor-version":[{"id":28865,"href":"https:\/\/www.prospereando.es\/index.php\/wp-json\/wp\/v2\/posts\/28856\/revisions\/28865"}],"wp:featuredmedia":[{"embeddable":true,"href":"https:\/\/www.prospereando.es\/index.php\/wp-json\/wp\/v2\/media\/28864"}],"wp:attachment":[{"href":"https:\/\/www.prospereando.es\/index.php\/wp-json\/wp\/v2\/media?parent=28856"}],"wp:term":[{"taxonomy":"category","embeddable":true,"href":"https:\/\/www.prospereando.es\/index.php\/wp-json\/wp\/v2\/categories?post=28856"},{"taxonomy":"post_tag","embeddable":true,"href":"https:\/\/www.prospereando.es\/index.php\/wp-json\/wp\/v2\/tags?post=28856"}],"curies":[{"name":"wp","href":"https:\/\/api.w.org\/{rel}","templated":true}]}}