{"id":28854,"date":"2025-12-13T20:23:25","date_gmt":"2025-12-13T19:23:25","guid":{"rendered":"https:\/\/www.prospereando.es\/?p=28854"},"modified":"2025-12-13T20:24:22","modified_gmt":"2025-12-13T19:24:22","slug":"subida-de-las-pensiones-en-2026","status":"publish","type":"post","link":"https:\/\/www.prospereando.es\/index.php\/2025\/12\/13\/subida-de-las-pensiones-en-2026\/","title":{"rendered":"Subida de las pensiones en 2026"},"content":{"rendered":"<p><img loading=\"lazy\" decoding=\"async\" class=\" wp-image-28866 aligncenter\" src=\"http:\/\/www.prospereando.es\/wp-content\/uploads\/2025\/12\/PensionesFuturo1-300x180.jpg\" alt=\"\" width=\"622\" height=\"373\" srcset=\"https:\/\/www.prospereando.es\/wp-content\/uploads\/2025\/12\/PensionesFuturo1-300x180.jpg 300w, https:\/\/www.prospereando.es\/wp-content\/uploads\/2025\/12\/PensionesFuturo1.jpg 600w\" sizes=\"auto, (max-width: 622px) 100vw, 622px\" \/><\/p>\n<p>La subida general de las pensiones ser\u00e1 del 2,7% en 2026, seg\u00fan ha confirmado el Ministerio de la Seguridad Social. As\u00ed se desprende del dato provisional de IPC de noviembre conocido hoy, del 3% interanual, con lo que ya se puede calcular la revalorizaci\u00f3n anual de estas prestaciones. Queda por saber cu\u00e1nto subir\u00e1n las pensiones m\u00ednimas y no contributivas, que est\u00e1n aumentando por encima del IPC en los \u00faltimos a\u00f1os y que el Gobierno suele anunciar despu\u00e9s de conocerse este dato general.<\/p>\n<p>La reforma de pensiones de 2021 volvi\u00f3 a vincular la subida de las pensiones a la evoluci\u00f3n de los precios y anul\u00f3 el \u00edndice anterior de los aumentos del 0,25% que hab\u00eda aprobado el Gobierno del Partido Popular. Ahora, el alza anual se aplica seg\u00fan el IPC medio del a\u00f1o anterior para mantener el poder adquisitivo de los pensionistas, que suman m\u00e1s de nueve millones de personas.<\/p>\n<p>El INE ha avanzado este viernes que la inflaci\u00f3n general se ha situado en noviembre en el 3 % respecto al mismo mes del a\u00f1o anterior. No obstante, debe confirmarse el 12 de diciembre el dato definitivo de inflaci\u00f3n de este mes. En este caso, con los registros de diciembre de 2024 a noviembre de 2025, el dato de inflaci\u00f3n media ha resultado un 2,7%, que es lo que subir\u00e1n la mayor\u00eda de las pensiones en 2026. Este a\u00f1o el alza fue del 2,8%.<\/p>\n<p>Seg\u00fan el Ministerio de la Seguridad Social la subida del 2,7 % supondr\u00e1, aproximadamente, \u201c572 euros adicionales al a\u00f1o\u201d para las personas con la pensi\u00f3n media de jubilaci\u00f3n, que se sit\u00faa alrededor de los 1.500 euros al mes. Son casi 41 euros m\u00e1s al mes, ya que las pensiones se abonan en 14 pagas, con la extra de verano y la de Navidad.<\/p>\n<p>La subida para las pensiones medias del conjunto del sistema (que se sit\u00faan alrededor de 1.300 euros al mes) supondr\u00e1 \u201c498 euros anuales\u201d m\u00e1s para sus beneficiarios, es decir, unos 35,6 euros al mes de incremento. La Seguridad Social recuerda que las pensiones incluyen m\u00e1s tipos: incapacidad permanente, viudedad, orfandad y en favor de familiares.<\/p>\n<p>Queda por saber cu\u00e1nto subir\u00e1n las pensiones m\u00ednimas y no contributivas, que el Gobierno est\u00e1 incrementando por encima de los precios en los \u00faltimos a\u00f1os, tambi\u00e9n fruto de las reformas de pensiones aprobadas por el anterior Ejecutivo de coalici\u00f3n. Se acord\u00f3 que estas pensiones m\u00e1s bajas del sistema subieran m\u00e1s hasta 2027, para recortar su margen con el umbral de la pobreza.<\/p>\n","protected":false},"excerpt":{"rendered":"<p>La subida general de las pensiones ser\u00e1 del 2,7% en 2026, seg\u00fan ha confirmado el Ministerio de la Seguridad Social. As\u00ed se desprende del dato provisional de IPC de noviembre conocido hoy, del 3% interanual, con lo que ya se puede calcular la revalorizaci\u00f3n anual de estas prestaciones.<\/p>\n","protected":false},"author":1,"featured_media":28866,"comment_status":"open","ping_status":"open","sticky":false,"template":"","format":"standard","meta":{"footnotes":""},"categories":[6],"tags":[],"class_list":["post-28854","post","type-post","status-publish","format-standard","has-post-thumbnail","hentry","category-sociedad","sent_by-prospereando"],"_links":{"self":[{"href":"https:\/\/www.prospereando.es\/index.php\/wp-json\/wp\/v2\/posts\/28854","targetHints":{"allow":["GET"]}}],"collection":[{"href":"https:\/\/www.prospereando.es\/index.php\/wp-json\/wp\/v2\/posts"}],"about":[{"href":"https:\/\/www.prospereando.es\/index.php\/wp-json\/wp\/v2\/types\/post"}],"author":[{"embeddable":true,"href":"https:\/\/www.prospereando.es\/index.php\/wp-json\/wp\/v2\/users\/1"}],"replies":[{"embeddable":true,"href":"https:\/\/www.prospereando.es\/index.php\/wp-json\/wp\/v2\/comments?post=28854"}],"version-history":[{"count":2,"href":"https:\/\/www.prospereando.es\/index.php\/wp-json\/wp\/v2\/posts\/28854\/revisions"}],"predecessor-version":[{"id":28867,"href":"https:\/\/www.prospereando.es\/index.php\/wp-json\/wp\/v2\/posts\/28854\/revisions\/28867"}],"wp:featuredmedia":[{"embeddable":true,"href":"https:\/\/www.prospereando.es\/index.php\/wp-json\/wp\/v2\/media\/28866"}],"wp:attachment":[{"href":"https:\/\/www.prospereando.es\/index.php\/wp-json\/wp\/v2\/media?parent=28854"}],"wp:term":[{"taxonomy":"category","embeddable":true,"href":"https:\/\/www.prospereando.es\/index.php\/wp-json\/wp\/v2\/categories?post=28854"},{"taxonomy":"post_tag","embeddable":true,"href":"https:\/\/www.prospereando.es\/index.php\/wp-json\/wp\/v2\/tags?post=28854"}],"curies":[{"name":"wp","href":"https:\/\/api.w.org\/{rel}","templated":true}]}}