{"id":28845,"date":"2025-12-10T20:28:33","date_gmt":"2025-12-10T19:28:33","guid":{"rendered":"https:\/\/www.prospereando.es\/?p=28845"},"modified":"2025-12-10T20:28:33","modified_gmt":"2025-12-10T19:28:33","slug":"el-redactor-de-los-protocolos-para-residencias-declara-ante-el-juez-que-protesto-porque-eran-discriminatorios-segun-la-abogada-de-las-familias","status":"publish","type":"post","link":"https:\/\/www.prospereando.es\/index.php\/2025\/12\/10\/el-redactor-de-los-protocolos-para-residencias-declara-ante-el-juez-que-protesto-porque-eran-discriminatorios-segun-la-abogada-de-las-familias\/","title":{"rendered":"El redactor de los protocolos para residencias declara ante el juez que protest\u00f3 porque eran discriminatorios, seg\u00fan la abogada de las familias"},"content":{"rendered":"<p>Javier Mart\u00ednez Peromingo dice en su primera declaraci\u00f3n como imputado que manifest\u00f3 su oposici\u00f3n varias veces, seg\u00fan ha manifestado Alejandra Jacinto. Los otros dos ex altos cargos investigados no han comparecido. <a href=\"https:\/\/elpais.com\/espana\/madrid\/2025-12-09\/el-redactor-de-los-protocolos-para-residencias-declara-ante-el-juez-que-protesto-porque-eran-discriminatorios-segun-la-abogada-de-las-familias.html\">Leer m\u00e1s&#8230;<\/a><\/p>\n","protected":false},"excerpt":{"rendered":"<p>Javier Mart\u00ednez Peromingo dice en su primera declaraci\u00f3n como imputado que manifest\u00f3 su oposici\u00f3n varias veces, seg\u00fan ha manifestado Alejandra Jacinto. Los otros dos ex altos cargos investigados no han comparecido. Leer m\u00e1s&#8230;<\/p>\n","protected":false},"author":1,"featured_media":0,"comment_status":"open","ping_status":"open","sticky":false,"template":"","format":"standard","meta":{"footnotes":""},"categories":[13],"tags":[],"class_list":["post-28845","post","type-post","status-publish","format-standard","hentry","category-revista-de-prensa","sent_by-fernando-peinado"],"_links":{"self":[{"href":"https:\/\/www.prospereando.es\/index.php\/wp-json\/wp\/v2\/posts\/28845","targetHints":{"allow":["GET"]}}],"collection":[{"href":"https:\/\/www.prospereando.es\/index.php\/wp-json\/wp\/v2\/posts"}],"about":[{"href":"https:\/\/www.prospereando.es\/index.php\/wp-json\/wp\/v2\/types\/post"}],"author":[{"embeddable":true,"href":"https:\/\/www.prospereando.es\/index.php\/wp-json\/wp\/v2\/users\/1"}],"replies":[{"embeddable":true,"href":"https:\/\/www.prospereando.es\/index.php\/wp-json\/wp\/v2\/comments?post=28845"}],"version-history":[{"count":1,"href":"https:\/\/www.prospereando.es\/index.php\/wp-json\/wp\/v2\/posts\/28845\/revisions"}],"predecessor-version":[{"id":28846,"href":"https:\/\/www.prospereando.es\/index.php\/wp-json\/wp\/v2\/posts\/28845\/revisions\/28846"}],"wp:attachment":[{"href":"https:\/\/www.prospereando.es\/index.php\/wp-json\/wp\/v2\/media?parent=28845"}],"wp:term":[{"taxonomy":"category","embeddable":true,"href":"https:\/\/www.prospereando.es\/index.php\/wp-json\/wp\/v2\/categories?post=28845"},{"taxonomy":"post_tag","embeddable":true,"href":"https:\/\/www.prospereando.es\/index.php\/wp-json\/wp\/v2\/tags?post=28845"}],"curies":[{"name":"wp","href":"https:\/\/api.w.org\/{rel}","templated":true}]}}