{"id":28834,"date":"2025-12-09T20:04:44","date_gmt":"2025-12-09T19:04:44","guid":{"rendered":"https:\/\/www.prospereando.es\/?p=28834"},"modified":"2025-12-09T20:04:44","modified_gmt":"2025-12-09T19:04:44","slug":"15-anos-la-nina-bonita-oiga-que-me-lo-quitan-de-las-manos","status":"publish","type":"post","link":"https:\/\/www.prospereando.es\/index.php\/2025\/12\/09\/15-anos-la-nina-bonita-oiga-que-me-lo-quitan-de-las-manos\/","title":{"rendered":"15 A\u00d1OS  \u00a1La ni\u00f1a bonita! \u00a1Oiga, que me lo quitan de las manos!"},"content":{"rendered":"<p><img loading=\"lazy\" decoding=\"async\" class=\" wp-image-28835 aligncenter\" src=\"http:\/\/www.prospereando.es\/wp-content\/uploads\/2025\/12\/PlazaProspe2-300x162.jpg\" alt=\"\" width=\"640\" height=\"346\" srcset=\"https:\/\/www.prospereando.es\/wp-content\/uploads\/2025\/12\/PlazaProspe2-300x162.jpg 300w, https:\/\/www.prospereando.es\/wp-content\/uploads\/2025\/12\/PlazaProspe2.jpg 628w\" sizes=\"auto, (max-width: 640px) 100vw, 640px\" \/><\/p>\n<p><span>Tiene nombre de canci\u00f3n de los a\u00f1os 60, interpretada por el D\u00fao Din\u00e1mico: 15 a\u00f1os&#8230; Y sin embargo no lo es.<\/span><\/p>\n<p><span>El 6 de diciembre de hace quince a\u00f1os, se puso en marcha PROSPEREANDO, el peri\u00f3dico de \u201cLa Prospe\u201d. La iniciativa de Maribel Rodr\u00edguez Gorostiza y la profesionalidad de Marigel Alonso, junto con la ilusi\u00f3n de un grupo de socios de La Valle Incl\u00e1n, hizo posible que se pusiera en pie y con muy buen paso, este peri\u00f3dico de barrio que, solo intenta llevar las distintas noticias que le puedan interesar a sus asociadas y vecindario en general.<\/span><\/p>\n<p><span>En estos quince a\u00f1os nuestras calles han cambiado mucho, no tanto los poderes que rigen los destinos del barrio, ni tampoco los intereses partidistas que influyen en la toma de decisiones.<\/span><\/p>\n<p><span>Nuestras calles y plazas est\u00e1n menos limpias que hace tres lustros, nuestras vecinas no tienen mayor seguridad en esas mismas calles, la sanidad no est\u00e1 m\u00e1s cerca de todos nosotros, las piscinas al aire libre durante los veranos son cosas de otros distritos, nuestro vecindario parece sufrir \u201chidrofobia\u201d. Hemos visto con asombro c\u00f3mo, al fin, se han salido los intereses especulativo con la suya y Madrid Nuevo Norte est\u00e1 empezando a ponerse en marcha. A pesar de que todos, constructores y vecinos, sabemos muy bien que Madrid no necesita tantos edificios de oficinas y que no se har\u00e1n tantas torres como se pensaba para albergar empresas, porque a Madrid lo han dejado como ciudad de servicios terciarios. Est\u00e1 muy bien los Open de Golf, los Open de Tenis, las carreras de F\u00f3rmula I, pero nada de eso les interesa a sus vecinos. El Bernabeu es m\u00e1s grande y con pretensiones de ser un agente productor de contaminaci\u00f3n ac\u00fastica de primer orden.<\/span><\/p>\n<p><span>En cambio, no se han creado m\u00e1s espacios de socializaci\u00f3n. La socializaci\u00f3n no da beneficios a las cuentas corrientes de los de siempre, ni genera m\u00e1s participaci\u00f3n vecinal, solo hace crecer el turismo que gentrifica nuestras calles.<\/span><\/p>\n<p><span>Unos somos los que pagamos nuestros impuestos y otros los que los malgastan potenciando el mal turismo y desde\u00f1ando nuestros derechos como vecinos.<\/span><\/p>\n<p><span>Propongo que en estos d\u00edas en los que se recuerda la Carta de Derechos Humanos, pidamos a quienes se aprovechan de nosotros como vecindario, destruyendo los barrios, que pongan en valor la necesidad de seguir construyendo barrio.<\/span><\/p>\n<p><span>En el fondo ese fue el inter\u00e9s que movi\u00f3 a las fundadoras de PROSPEREANDO, hace 15 a\u00f1os: mantener la esencia del barrio y sus valores, gracias a la colaboraci\u00f3n de sus vecinas y vecinos.<\/span><\/p>\n<p><span>Pidamos cosas posibles, como que, en los Consejos de Seguridad, puedan hablar los vecinos y decir lo que les ocurre. La participaci\u00f3n ciudadana debe estar presente en cada uno de los actos de la Junta municipal. Pidamos Consejos de Salud en el distrito y un Consejo de Cultura en Chamart\u00edn\u2026 Y luchemos por tenerlos y usarlos en nuestro beneficio com\u00fan y no para beneficio de terceros. <\/span><\/p>\n<p><span>Larga vida a PROSPEREANDO, y larga vida al compromiso de vecinas y vecinos que desean unas calles m\u00e1s a su estilo y con menos gentrificaci\u00f3n.<\/span><\/p>\n<p><span>Usemos el peri\u00f3dico para denunciar m\u00e1s espacios dedicados a la igualdad, pongo por caso.<\/span><\/p>\n<p><span>Este peri\u00f3dico es una herramienta de mucho valor. No la desaprovechemos, caso contrario, cuando queramos usarla, puede que ya sea tarde.<\/span><\/p>\n<p><span>Enhora<\/span><span><b>muy<\/b><\/span><span>buena a todas aquellas personas que han colaborado en PROSPEREANDO, a lo largo de todos estos a\u00f1os, ofreciendo interesantes noticias y agudas reflexiones y no paremos de hacerlo. La prensa sigue siendo, por lo menos, el cuarto poder.<\/span><\/p>\n<p><span>Os esperamos a todas y todos aquellos que quer\u00e1is colaborar en este peri\u00f3dico. Todas tienen cabida, ya sean del distrito o no.<\/span><\/p>\n<p><span><strong>\u00a1\u00a1MUCHAS FELICIDADES, PROSPEREANDO!!<\/strong> <\/span><\/p>\n","protected":false},"excerpt":{"rendered":"<p>El 6 de diciembre de hace quince a\u00f1os, se puso en marcha PROSPEREANDO, el peri\u00f3dico de \u201cLa Prospe\u201d. La iniciativa de Maribel Rodr\u00edguez Gorostiza y la profesionalidad de Marigel Alonso, junto con la ilusi\u00f3n de un grupo de socios de La Valle Incl\u00e1n, hizo posible que se pusiera en pie y con muy buen paso, este peri\u00f3dico de barrio que, solo intenta llevar las distintas noticias que le puedan interesar a sus asociadas y vecindario en general.<\/p>\n","protected":false},"author":1,"featured_media":28835,"comment_status":"open","ping_status":"open","sticky":false,"template":"","format":"standard","meta":{"footnotes":""},"categories":[26],"tags":[],"class_list":["post-28834","post","type-post","status-publish","format-standard","has-post-thumbnail","hentry","category-nuestro-barrio","sent_by-emilio-meseguer-enderiz"],"_links":{"self":[{"href":"https:\/\/www.prospereando.es\/index.php\/wp-json\/wp\/v2\/posts\/28834","targetHints":{"allow":["GET"]}}],"collection":[{"href":"https:\/\/www.prospereando.es\/index.php\/wp-json\/wp\/v2\/posts"}],"about":[{"href":"https:\/\/www.prospereando.es\/index.php\/wp-json\/wp\/v2\/types\/post"}],"author":[{"embeddable":true,"href":"https:\/\/www.prospereando.es\/index.php\/wp-json\/wp\/v2\/users\/1"}],"replies":[{"embeddable":true,"href":"https:\/\/www.prospereando.es\/index.php\/wp-json\/wp\/v2\/comments?post=28834"}],"version-history":[{"count":1,"href":"https:\/\/www.prospereando.es\/index.php\/wp-json\/wp\/v2\/posts\/28834\/revisions"}],"predecessor-version":[{"id":28836,"href":"https:\/\/www.prospereando.es\/index.php\/wp-json\/wp\/v2\/posts\/28834\/revisions\/28836"}],"wp:featuredmedia":[{"embeddable":true,"href":"https:\/\/www.prospereando.es\/index.php\/wp-json\/wp\/v2\/media\/28835"}],"wp:attachment":[{"href":"https:\/\/www.prospereando.es\/index.php\/wp-json\/wp\/v2\/media?parent=28834"}],"wp:term":[{"taxonomy":"category","embeddable":true,"href":"https:\/\/www.prospereando.es\/index.php\/wp-json\/wp\/v2\/categories?post=28834"},{"taxonomy":"post_tag","embeddable":true,"href":"https:\/\/www.prospereando.es\/index.php\/wp-json\/wp\/v2\/tags?post=28834"}],"curies":[{"name":"wp","href":"https:\/\/api.w.org\/{rel}","templated":true}]}}