{"id":28787,"date":"2025-12-06T21:52:27","date_gmt":"2025-12-06T20:52:27","guid":{"rendered":"https:\/\/www.prospereando.es\/?p=28787"},"modified":"2025-12-06T21:52:27","modified_gmt":"2025-12-06T20:52:27","slug":"haciendo-amigos","status":"publish","type":"post","link":"https:\/\/www.prospereando.es\/index.php\/2025\/12\/06\/haciendo-amigos\/","title":{"rendered":"Haciendo amigos"},"content":{"rendered":"<p><img loading=\"lazy\" decoding=\"async\" class=\" wp-image-28788 aligncenter\" src=\"http:\/\/www.prospereando.es\/wp-content\/uploads\/2025\/12\/palestinaaso1-300x139.jpg\" alt=\"\" width=\"639\" height=\"296\" srcset=\"https:\/\/www.prospereando.es\/wp-content\/uploads\/2025\/12\/palestinaaso1-300x139.jpg 300w, https:\/\/www.prospereando.es\/wp-content\/uploads\/2025\/12\/palestinaaso1.jpg 599w\" sizes=\"auto, (max-width: 639px) 100vw, 639px\" \/><\/p>\n<p>El pasado 30 de octubre la Asociaci\u00f3n vecinal Valle-Incl\u00e1n de Prosperidad, abri\u00f3 sus puertas a tres familias de palestinos, con asilo en Espa\u00f1a, con sus madres y la \u00faltima en llegar. Eran unos 20 ni\u00f1os y ni\u00f1as, entre los que s\u00f3lo hab\u00eda un chico mayor de 18 a\u00f1os. Acompa\u00f1aba el presidente de la <strong>Asociaci\u00f3n Hispano Palestina, Jerusalen, Jamil Mahmoud<\/strong> y otra compa\u00f1era que hicieron de traductores, especialmente entre las mujeres y los\/las vecinas de la Asociaci\u00f3n.<\/p>\n<p>El fin del encuentro, era pasar una tarde juntos, que pudieran conocerse entre ellos, comunicarse, merendar y compartir algo del Rastrillo Solidario que acababa de abrir sus puertas en la Asociaci\u00f3n.<\/p>\n<p>Fue \u201cuna tarde m\u00e1gica\u201d, seg\u00fan describ\u00edan el grupo <strong>\u201cApoyo Evacuaciones\u201d, F\u00e1tima Prado del CAP y Francisco Garc\u00eda, de Sume Manoteras<\/strong> que est\u00e1 dentro de <strong>Sanitarios por Palestina<\/strong> y que acaba de formar parte en <strong>M\u00e9dicos Sin Fronteras<\/strong>. Fue una gran experiencia y un comienzo de relaciones muy positivo.<\/p>\n<p>Las primeras impresiones de las familias palestinas fueron muy buenas, charlar en su idioma, ver a palestinos que viven en Espa\u00f1a y a los que no conoc\u00edan, compartir ese ratito de distensi\u00f3n entre peques y mayores y experimentar que son bien recibidos por la poblaci\u00f3n espa\u00f1ola, lo que les supon\u00eda un gran apoyo en estas circunstancias de tanta vulnerabilidad. Uno de los chicos que recientemente hab\u00eda sido intervenido en el G\u00f3mez Ulla, por impacto de metralla en ambas caderas, estaba con el m\u00f3vil contactando, por v\u00eddeo llamada, con su padre que permanec\u00eda en Gaza, acerc\u00e1ndose a las y los vecinos que est\u00e1bamos para que le vi\u00e9ramos lo mucho que se alegraban por el resultado de la operaci\u00f3n\u2026<\/p>\n<p>Se coment\u00f3 la necesidad de contactar con los distintos colegios e institutos para escolarizar a los menores, de que los chavales se pusieran en contacto con otros de su edad, Que acudieran a la <strong>Asociaci\u00f3n Jaire<\/strong>, para recibir clases de espa\u00f1ol no solo los peque\u00f1os tambi\u00e9n el chico mayor de 18 a\u00f1os.<\/p>\n<p><img loading=\"lazy\" decoding=\"async\" class=\" wp-image-28789 aligncenter\" src=\"http:\/\/www.prospereando.es\/wp-content\/uploads\/2025\/12\/palestinaaso2-300x169.jpg\" alt=\"\" width=\"637\" height=\"359\" srcset=\"https:\/\/www.prospereando.es\/wp-content\/uploads\/2025\/12\/palestinaaso2-300x169.jpg 300w, https:\/\/www.prospereando.es\/wp-content\/uploads\/2025\/12\/palestinaaso2.jpg 600w\" sizes=\"auto, (max-width: 637px) 100vw, 637px\" \/><\/p>\n<p>Se mont\u00f3 \u201cun caos\u201d cuando pasaron al rastrillo para coger lo que necesitaran. Ver sus caritas de felicidad y saber que hab\u00edamos podido contribuir a devolverles un poco de lo que el mundo les hab\u00eda arrebatado, supuso una gran satisfacci\u00f3n, seg\u00fan expresaba una de las socias presentes.<\/p>\n<p>Algo que nos impresion\u00f3, por no encontrar explicaci\u00f3n, los y las peque\u00f1as lo primero que cogieron fue los paraguas, a pesar de intentamos disuadirles, ..no fue posible, \u00bfque significaba para los peque\u00f1os?&#8230;<\/p>\n<p>Todo surgi\u00f3 en un desayuno de los habituales de los martes en la Asociaci\u00f3n Vecinal Valle Incl\u00e1n de Prosperidad, dos socios, F\u00e1tima y Fran se incorporaron solicitando de la Asociaci\u00f3n la posibilidad de un encuentro, distendido con tres familias palestinas, asiladas en Madrid y sin contacto entre ellas y la Asociaci\u00f3n respondi\u00f3 inmediatamente, el contacto humano, por breve que sea, humaniza, amplia horizontes, hace mas evidente la necesidad y voluntad de contribuir a una Justicia, sin la que es imposible la Paz imprescindible para el desarrollo de todos los Pueblos.<\/p>\n<p><img loading=\"lazy\" decoding=\"async\" class=\" wp-image-28790 aligncenter\" src=\"http:\/\/www.prospereando.es\/wp-content\/uploads\/2025\/12\/palestinaaso3-300x169.jpg\" alt=\"\" width=\"611\" height=\"344\" srcset=\"https:\/\/www.prospereando.es\/wp-content\/uploads\/2025\/12\/palestinaaso3-300x169.jpg 300w, https:\/\/www.prospereando.es\/wp-content\/uploads\/2025\/12\/palestinaaso3.jpg 600w\" sizes=\"auto, (max-width: 611px) 100vw, 611px\" \/><\/p>\n<p>Por Gloria Cavanna, Portavoz A. V. Valle-Incl\u00e1n de Prosperidad<\/p>\n","protected":false},"excerpt":{"rendered":"<p>El pasado 30 de octubre la Asociaci\u00f3n vecinal Valle-Incl\u00e1n de Prosperidad, abri\u00f3 sus puertas a tres familias de palestinos, con asilo en Espa\u00f1a, con sus madres y la \u00faltima en llegar.<\/p>\n","protected":false},"author":1,"featured_media":28788,"comment_status":"open","ping_status":"open","sticky":false,"template":"","format":"standard","meta":{"footnotes":""},"categories":[14],"tags":[],"class_list":["post-28787","post","type-post","status-publish","format-standard","has-post-thumbnail","hentry","category-ciudadania","sent_by-gloria-cavanna"],"_links":{"self":[{"href":"https:\/\/www.prospereando.es\/index.php\/wp-json\/wp\/v2\/posts\/28787","targetHints":{"allow":["GET"]}}],"collection":[{"href":"https:\/\/www.prospereando.es\/index.php\/wp-json\/wp\/v2\/posts"}],"about":[{"href":"https:\/\/www.prospereando.es\/index.php\/wp-json\/wp\/v2\/types\/post"}],"author":[{"embeddable":true,"href":"https:\/\/www.prospereando.es\/index.php\/wp-json\/wp\/v2\/users\/1"}],"replies":[{"embeddable":true,"href":"https:\/\/www.prospereando.es\/index.php\/wp-json\/wp\/v2\/comments?post=28787"}],"version-history":[{"count":1,"href":"https:\/\/www.prospereando.es\/index.php\/wp-json\/wp\/v2\/posts\/28787\/revisions"}],"predecessor-version":[{"id":28791,"href":"https:\/\/www.prospereando.es\/index.php\/wp-json\/wp\/v2\/posts\/28787\/revisions\/28791"}],"wp:featuredmedia":[{"embeddable":true,"href":"https:\/\/www.prospereando.es\/index.php\/wp-json\/wp\/v2\/media\/28788"}],"wp:attachment":[{"href":"https:\/\/www.prospereando.es\/index.php\/wp-json\/wp\/v2\/media?parent=28787"}],"wp:term":[{"taxonomy":"category","embeddable":true,"href":"https:\/\/www.prospereando.es\/index.php\/wp-json\/wp\/v2\/categories?post=28787"},{"taxonomy":"post_tag","embeddable":true,"href":"https:\/\/www.prospereando.es\/index.php\/wp-json\/wp\/v2\/tags?post=28787"}],"curies":[{"name":"wp","href":"https:\/\/api.w.org\/{rel}","templated":true}]}}