{"id":28778,"date":"2025-12-06T20:49:22","date_gmt":"2025-12-06T19:49:22","guid":{"rendered":"https:\/\/www.prospereando.es\/?p=28778"},"modified":"2025-12-08T18:55:40","modified_gmt":"2025-12-08T17:55:40","slug":"concentracion-16d-urgencias-hospital-la-princesa","status":"publish","type":"post","link":"https:\/\/www.prospereando.es\/index.php\/2025\/12\/06\/concentracion-16d-urgencias-hospital-la-princesa\/","title":{"rendered":"Concentraci\u00f3n 16D Urgencias Hospital La Princesa"},"content":{"rendered":"<p><img loading=\"lazy\" decoding=\"async\" class=\" wp-image-28780 aligncenter\" src=\"http:\/\/www.prospereando.es\/wp-content\/uploads\/2025\/12\/sanidapublica1-300x185.jpg\" alt=\"\" width=\"759\" height=\"468\" srcset=\"https:\/\/www.prospereando.es\/wp-content\/uploads\/2025\/12\/sanidapublica1-300x185.jpg 300w, https:\/\/www.prospereando.es\/wp-content\/uploads\/2025\/12\/sanidapublica1.jpg 600w\" sizes=\"auto, (max-width: 759px) 100vw, 759px\" \/><\/p>\n<p>Estamos ante un problema estructural provocado por la gesti\u00f3n pol\u00edtica del PP. Isabel D\u00edaz Ayuso est\u00e1 llevando al l\u00edmite el sufrimiento y la angustia de 800.000 personas que aguardan en listas de espera interminables.<\/p>\n<p align=\"justify\">Ribera Salud la empresa que gestiona el hoy tristemente famoso Hospital de Torrej\u00f3n decidi\u00f3 -a trav\u00e9s de sus responsables- incrementar las listas de espera para aumentar en 4.000.000 de \u20ac sus beneficios. Ayuso dice que \u00abno sab\u00eda nada\u00bb.<\/p>\n<p align=\"justify\">Sin embargo, este a\u00f1o, pag\u00f3 5.036 millones de \u20ac al grupo Quir\u00f3n Salud por su gesti\u00f3n (2019\/2024) de la Fundaci\u00f3n Jim\u00e9nez Diaz y otros tres hospitales integrados a la red p\u00fablica sanitaria.<\/p>\n<p align=\"justify\">A\u00fan estamos a tiempo de salvar nuestra sanidad. Un modelo 100&#215;100 p\u00fablico y universal. Reconocido internacionalmente como de los tres mejores del mundo.<\/p>\n<p align=\"justify\">El personal de urgencias del Hospital de La Princesa denuncia la carencia de recursos humanos y materiales, agravada estos d\u00edas por el incremento de enfermos de gripes estacionales. <b>Para hacerlo p\u00fablico han convocado una concentraci\u00f3n que tendr\u00e1 lugar el d\u00eda 16 de diciembre<\/b>.<\/p>\n<p align=\"justify\"><strong>Por Ana Encinas, m\u00e9dica de Atenci\u00f3n Primaria, miembro de Sanitari@s con Palestina<\/strong><\/p>\n","protected":false},"excerpt":{"rendered":"<p>Estamos ante un problema estructural provocado por la gesti\u00f3n pol\u00edtica del PP. Isabel D\u00edaz Ayuso est\u00e1 llevando al l\u00edmite el sufrimiento y la angustia de 800.000 personas que aguardan en listas de espera interminables.<\/p>\n","protected":false},"author":1,"featured_media":28780,"comment_status":"open","ping_status":"open","sticky":false,"template":"","format":"standard","meta":{"footnotes":""},"categories":[11],"tags":[],"class_list":["post-28778","post","type-post","status-publish","format-standard","has-post-thumbnail","hentry","category-sanidad","sent_by-ana-encinas"],"_links":{"self":[{"href":"https:\/\/www.prospereando.es\/index.php\/wp-json\/wp\/v2\/posts\/28778","targetHints":{"allow":["GET"]}}],"collection":[{"href":"https:\/\/www.prospereando.es\/index.php\/wp-json\/wp\/v2\/posts"}],"about":[{"href":"https:\/\/www.prospereando.es\/index.php\/wp-json\/wp\/v2\/types\/post"}],"author":[{"embeddable":true,"href":"https:\/\/www.prospereando.es\/index.php\/wp-json\/wp\/v2\/users\/1"}],"replies":[{"embeddable":true,"href":"https:\/\/www.prospereando.es\/index.php\/wp-json\/wp\/v2\/comments?post=28778"}],"version-history":[{"count":5,"href":"https:\/\/www.prospereando.es\/index.php\/wp-json\/wp\/v2\/posts\/28778\/revisions"}],"predecessor-version":[{"id":28827,"href":"https:\/\/www.prospereando.es\/index.php\/wp-json\/wp\/v2\/posts\/28778\/revisions\/28827"}],"wp:featuredmedia":[{"embeddable":true,"href":"https:\/\/www.prospereando.es\/index.php\/wp-json\/wp\/v2\/media\/28780"}],"wp:attachment":[{"href":"https:\/\/www.prospereando.es\/index.php\/wp-json\/wp\/v2\/media?parent=28778"}],"wp:term":[{"taxonomy":"category","embeddable":true,"href":"https:\/\/www.prospereando.es\/index.php\/wp-json\/wp\/v2\/categories?post=28778"},{"taxonomy":"post_tag","embeddable":true,"href":"https:\/\/www.prospereando.es\/index.php\/wp-json\/wp\/v2\/tags?post=28778"}],"curies":[{"name":"wp","href":"https:\/\/api.w.org\/{rel}","templated":true}]}}