{"id":28671,"date":"2025-11-17T21:33:32","date_gmt":"2025-11-17T20:33:32","guid":{"rendered":"https:\/\/www.prospereando.es\/?p=28671"},"modified":"2025-11-17T21:33:32","modified_gmt":"2025-11-17T20:33:32","slug":"encuentro-asociacion-valle-inclan-de-prosperidad-y-karibu","status":"publish","type":"post","link":"https:\/\/www.prospereando.es\/index.php\/2025\/11\/17\/encuentro-asociacion-valle-inclan-de-prosperidad-y-karibu\/","title":{"rendered":"Encuentro Asociaci\u00f3n Valle-Incl\u00e1n de Prosperidad y Karibu,"},"content":{"rendered":"<p align=\"JUSTIFY\"><img loading=\"lazy\" decoding=\"async\" class=\" wp-image-28672 aligncenter\" src=\"http:\/\/www.prospereando.es\/wp-content\/uploads\/2025\/11\/reunionafricanas1-300x225.jpg\" alt=\"\" width=\"617\" height=\"463\" srcset=\"https:\/\/www.prospereando.es\/wp-content\/uploads\/2025\/11\/reunionafricanas1-300x225.jpg 300w, https:\/\/www.prospereando.es\/wp-content\/uploads\/2025\/11\/reunionafricanas1.jpg 640w\" sizes=\"auto, (max-width: 617px) 100vw, 617px\" \/><\/p>\n<p align=\"JUSTIFY\"><span>\u00bfNOS COMUNICAMOS?, con este objetivo, el pasado 12 de noviembre un grupo de mas de diez personas de la asociaci\u00f3n vecinal <\/span><span>Valle-Incl\u00e1n de Prosperidad se<\/span><span> desplaz\u00f3 a la sede de la asociaci\u00f3n de amigas y amigos del Pueblo Africano, Karib\u00fa. La intenci\u00f3n era conocer, personalmente, a un colectivo de Mujeres Africanas, que sab\u00edamos exist\u00edan, pero a las que no conoc\u00edamos de cerca y quer\u00edamos intercambiar impresiones, realidades, posibilidades.<\/span><\/p>\n<p align=\"JUSTIFY\"><span>Nos recibieron casi un centenar de ellas, adem\u00e1s de algunos monitores que estaban dando las clases, que interrumpieron para acogernos. Abri\u00f3 la sesi\u00f3n M\u00ba Antonia, colaboradora voluntaria desde los inicios de Karib\u00fa que en una breve introducci\u00f3n expres\u00f3 el motivo del encuentro y anim\u00f3 a las presentes para que contaran parte de sus experiencias, motivos de sus llegadas, dificultades y la progresiva integraci\u00f3n en nuestro pa\u00eds, que por a\u00f1os de estancia en \u00e9l, es tambi\u00e9n suyo. La acompa\u00f1aba Nicoll, actual Presidenta de Karib\u00fa. Testigo vivo del proceso de integraci\u00f3n y empoderamiento.<\/span><\/p>\n<p align=\"JUSTIFY\"><span>Qued\u00f3 especialmente patente la resistencia de estas mujeres, su empe\u00f1o por aprender y la capacidad de relaci\u00f3n, vengan de donde vengan, con alegr\u00eda y esperanza. <\/span><\/p>\n<p align=\"JUSTIFY\"><span>El haberse sentido acogidas viniendo en situaci\u00f3n de vulnerabilidad, muchas despu\u00e9s de largos viajes, sin conocer el idioma y sin un trabajo que les garantizara la supervivencia y sobre todo el dif\u00edcil camino que tuvieron que recorrer ya en nuestro pa\u00eds, para tener la documentaci\u00f3n legal y dejan de aparecer como \u201cmujeres ilegales\u201d. Sin contar lo que supuso dejar a sus familias, sus casas, sus pa\u00edses\u2026<\/span><\/p>\n<p align=\"JUSTIFY\"><span>Para terminar, hab\u00edan preparado un \u00e1gape, que permitir\u00eda, y as\u00ed nos lo anunciaron, compartir unas con otras, en un espacio de mayor intercambio y conocimiento.<\/span><\/p>\n<p align=\"JUSTIFY\"><span>El impacto en todas nosotras fue de agradecimiento, que expresamos brevemente, a su apertura, a los valores humanos que transmiten, constatando la diferencia que supone el contacto directo y presencial, ver como se han ido empoderando, reclamando sus derechos, colaborando con lo mejor que tienen, que son ellas mismas. Salimos diciendo \u201cno nos podemos quejar de nada, somos unas privilegiadas, y hay que seguir en contacto. Juntas colaboraremos para hacer una ciudad mejor, un pa\u00eds mejor.<\/span><\/p>\n<p align=\"JUSTIFY\"><span>El pr\u00f3ximo encuentro ser\u00e1 en una excursi\u00f3n conjunta el pr\u00f3ximo 22 de noviembre a El Escorial.<\/span><\/p>\n","protected":false},"excerpt":{"rendered":"<p>\u00bfNOS COMUNICAMOS?, con este objetivo, el pasado 12 de noviembre un grupo de mas de diez personas de la asociaci\u00f3n vecinal Valle-Incl\u00e1n de Prosperidad se desplaz\u00f3 a la sede de la asociaci\u00f3n de amigas y amigos del Pueblo Africano, Karib\u00fa.<\/p>\n","protected":false},"author":1,"featured_media":28673,"comment_status":"open","ping_status":"open","sticky":false,"template":"","format":"standard","meta":{"footnotes":""},"categories":[6],"tags":[],"class_list":["post-28671","post","type-post","status-publish","format-standard","has-post-thumbnail","hentry","category-sociedad","sent_by-gloria-cavanna"],"_links":{"self":[{"href":"https:\/\/www.prospereando.es\/index.php\/wp-json\/wp\/v2\/posts\/28671","targetHints":{"allow":["GET"]}}],"collection":[{"href":"https:\/\/www.prospereando.es\/index.php\/wp-json\/wp\/v2\/posts"}],"about":[{"href":"https:\/\/www.prospereando.es\/index.php\/wp-json\/wp\/v2\/types\/post"}],"author":[{"embeddable":true,"href":"https:\/\/www.prospereando.es\/index.php\/wp-json\/wp\/v2\/users\/1"}],"replies":[{"embeddable":true,"href":"https:\/\/www.prospereando.es\/index.php\/wp-json\/wp\/v2\/comments?post=28671"}],"version-history":[{"count":1,"href":"https:\/\/www.prospereando.es\/index.php\/wp-json\/wp\/v2\/posts\/28671\/revisions"}],"predecessor-version":[{"id":28674,"href":"https:\/\/www.prospereando.es\/index.php\/wp-json\/wp\/v2\/posts\/28671\/revisions\/28674"}],"wp:featuredmedia":[{"embeddable":true,"href":"https:\/\/www.prospereando.es\/index.php\/wp-json\/wp\/v2\/media\/28673"}],"wp:attachment":[{"href":"https:\/\/www.prospereando.es\/index.php\/wp-json\/wp\/v2\/media?parent=28671"}],"wp:term":[{"taxonomy":"category","embeddable":true,"href":"https:\/\/www.prospereando.es\/index.php\/wp-json\/wp\/v2\/categories?post=28671"},{"taxonomy":"post_tag","embeddable":true,"href":"https:\/\/www.prospereando.es\/index.php\/wp-json\/wp\/v2\/tags?post=28671"}],"curies":[{"name":"wp","href":"https:\/\/api.w.org\/{rel}","templated":true}]}}