{"id":2867,"date":"2016-10-25T22:49:54","date_gmt":"2016-10-25T22:49:54","guid":{"rendered":"http:\/\/www.prospereando.es\/?p=2867"},"modified":"2016-10-25T23:00:13","modified_gmt":"2016-10-25T23:00:13","slug":"manifestacion-contra-ceta-y-ttip","status":"publish","type":"post","link":"https:\/\/www.prospereando.es\/index.php\/2016\/10\/25\/manifestacion-contra-ceta-y-ttip\/","title":{"rendered":"Manifestaci\u00f3n contra CETA y TTIP"},"content":{"rendered":"<\/p>\n<p>En toda la Uni\u00f3n Europea la gente ha salido a la calle para exigir que no se ratifique el CETA y que se paren las negociaciones del TTIP. En Espa\u00f1a ha habido m\u00e1s de 50 manifestaciones.  En Madrid hemos recorrido la Castellana de Atocha a Cibeles el s\u00e1bado 15 de octubre. La Alianza contra la Pobreza y la Campa\u00f1a No al TTIP, integrada por diversas organizaciones ( ATTAC, Ecologistas en Acci\u00f3n, Amigos de la Tierra y otras muchas) nos hab\u00edan convocado.<\/p>\n<p>\u00c9ramos 20.000. Todo el trayecto estaba completamente lleno de gente. Partidos, sindicatos, organizaciones ciudadanas: 15M, los de Coca Cola, Asociaciones de Memoria Hist\u00f3rica&#8230;y muchas m\u00e1s. Gente joven y mayor, familias con ni\u00f1os, procedentes de todos los barrios de Madrid.<\/p>\n<p>Ha sido una manifestaci\u00f3n muy alegre, muy combativa. Con mucho entusiasmo, muchas pancartas, muchas banderas, m\u00fasica de batucada y de orquesta, todo el mundo cantando o coreando lemas.<\/p>\n<p>Con la determinaci\u00f3n de todos nosotros de parar los Tratados.<\/p>\n<p>Porque no queremos que haya m\u00e1s paro, no queremos quedarnos sin pensiones de jubilaci\u00f3n, no queremos que se arruinen nuestros agricultores, no queremos que privaticen la Sanidad ni la Educaci\u00f3n P\u00fablica, no queremos comida basura, no queremos m\u00e1s contaminaci\u00f3n, no queremos que nos gobiernen las multinacionales.<\/p>\n<p>Somos personas, no mercanc\u00edas.<\/p>\n<p>Solo los ciudadanos conseguiremos parar los Tratados.<\/p>\n<p>Por eso hemos salido a las calles y por eso vamos a seguir luchando.<\/p>\n<p>Unas im\u00e1genes de la manifestaci\u00f3n en YouTube:  <a href=\"https:\/\/www.youtube.com\/watch?v=tz33fwWMI_k\">MANI_CONTRA_CETA-TTIP<\/a> <\/p>\n","protected":false},"excerpt":{"rendered":"<p>En toda la Uni\u00f3n Europea la gente ha salido a la calle para exigir que no se ratifique el CETA y que se paren las negociaciones del TTIP. En Espa\u00f1a ha habido m\u00e1s de 50 manifestaciones. En Madrid hemos recorrido la Castellana de Atocha a Cibeles el s\u00e1bado 15 de octubre. La Alianza contra la Pobreza y la Campa\u00f1a No al TTIP, integrada por diversas organizaciones ( ATTAC, Ecologistas en Acci\u00f3n, Amigos de la Tierra y otras muchas) nos hab\u00edan convocado.<\/p>\n","protected":false},"author":1,"featured_media":0,"comment_status":"closed","ping_status":"open","sticky":false,"template":"","format":"standard","meta":{"footnotes":""},"categories":[20],"tags":[],"class_list":["post-2867","post","type-post","status-publish","format-standard","hentry","category-opinion","sent_by-m-luisa-olmos"],"_links":{"self":[{"href":"https:\/\/www.prospereando.es\/index.php\/wp-json\/wp\/v2\/posts\/2867","targetHints":{"allow":["GET"]}}],"collection":[{"href":"https:\/\/www.prospereando.es\/index.php\/wp-json\/wp\/v2\/posts"}],"about":[{"href":"https:\/\/www.prospereando.es\/index.php\/wp-json\/wp\/v2\/types\/post"}],"author":[{"embeddable":true,"href":"https:\/\/www.prospereando.es\/index.php\/wp-json\/wp\/v2\/users\/1"}],"replies":[{"embeddable":true,"href":"https:\/\/www.prospereando.es\/index.php\/wp-json\/wp\/v2\/comments?post=2867"}],"version-history":[{"count":0,"href":"https:\/\/www.prospereando.es\/index.php\/wp-json\/wp\/v2\/posts\/2867\/revisions"}],"wp:attachment":[{"href":"https:\/\/www.prospereando.es\/index.php\/wp-json\/wp\/v2\/media?parent=2867"}],"wp:term":[{"taxonomy":"category","embeddable":true,"href":"https:\/\/www.prospereando.es\/index.php\/wp-json\/wp\/v2\/categories?post=2867"},{"taxonomy":"post_tag","embeddable":true,"href":"https:\/\/www.prospereando.es\/index.php\/wp-json\/wp\/v2\/tags?post=2867"}],"curies":[{"name":"wp","href":"https:\/\/api.w.org\/{rel}","templated":true}]}}