{"id":28542,"date":"2025-10-29T20:14:36","date_gmt":"2025-10-29T19:14:36","guid":{"rendered":"https:\/\/www.prospereando.es\/?p=28542"},"modified":"2025-10-29T20:14:36","modified_gmt":"2025-10-29T19:14:36","slug":"historia-de-un-desalojo","status":"publish","type":"post","link":"https:\/\/www.prospereando.es\/index.php\/2025\/10\/29\/historia-de-un-desalojo\/","title":{"rendered":"Historia de un desalojo"},"content":{"rendered":"<p><img loading=\"lazy\" decoding=\"async\" class=\" wp-image-28543 aligncenter\" src=\"http:\/\/www.prospereando.es\/wp-content\/uploads\/2025\/10\/desalojo1-300x199.jpg\" alt=\"\" width=\"616\" height=\"408\" srcset=\"https:\/\/www.prospereando.es\/wp-content\/uploads\/2025\/10\/desalojo1-300x199.jpg 300w, https:\/\/www.prospereando.es\/wp-content\/uploads\/2025\/10\/desalojo1.jpg 640w\" sizes=\"auto, (max-width: 616px) 100vw, 616px\" \/><\/p>\n<p><span>La ma\u00f1ana del 28 de octubre de 2010 en el Ayuntamiento de Madrid se habl\u00f3 de la Asociaci\u00f3n de Vecinos Valle Incl\u00e1n de Prosperidad.<\/span><\/p>\n<p>\u201c<span>En el pleno del d\u00eda de hoy, 28 de octubre de 2010 del Ayuntamiento de Madrid, el Partido Socialista e Izquierda Unida de forma conjunta han preguntado sobre el desalojo que la Comunidad de Madrid infringe a la Asociaci\u00f3n de Vecinos Valle Incl\u00e1n de Prosperidad.\u201d<\/span><\/p>\n<p><span>En primer t\u00e9rmino \u00c1ngel Lara de Izquierda Unida hac\u00eda un balance de la labor de la Asociaci\u00f3n en los \u00faltimos treinta a\u00f1os, y consideraba un desprop\u00f3sito la recuperaci\u00f3n del local por parte de la Comunidad y ped\u00eda soluciones extraordinarias para una situaci\u00f3n extraordinaria como la que estaba atravesando la Asociaci\u00f3n de Vecinos Valle Incl\u00e1n de Prosperidad, de igual modo hizo referencia a las declaraciones del se\u00f1or Villanueva, por las que reconoc\u00eda la labor y la trayectoria de la Asociaci\u00f3n.<\/span><\/p>\n<p><span>\u00c1ngel Lara ped\u00eda la mediaci\u00f3n del Ayuntamiento de Madrid, tanto para evitar el desalojo como para conseguir un local p\u00fablico en el que la Asociaci\u00f3n pudiera continuar con sus actividades en el barrio.<\/span><\/p>\n<p><span>Isabel Vilallonga resaltaba la poca sensibilidad ciudadana del Partido Popular, y aseguraba que dicho partido pol\u00edtico pretend\u00eda hacer desaparecer del distrito de Chamart\u00edn una asociaci\u00f3n muy activa, cr\u00edtica e independiente.<\/span><\/p>\n<p><span>El Ayuntamiento de Madrid vot\u00f3 de forma un\u00e1nime a FAVOR del \u201cReconocimiento de esta C\u00e1mara a la labor social, cultural, reivindicativa y vecinal que lleva realizando en el distrito de Chamart\u00edn, Barrio de Prosperidad en los \u00faltimos 35 a\u00f1os la Asociaci\u00f3n de Vecinos Valle Incl\u00e1n de Prosperidad.\u201d<\/span><\/p>\n<p><span>Aunque a continuaci\u00f3n el Partido Popular votar\u00eda EN CONTRA tanto de la mediaci\u00f3n del Ayuntamiento de Madrid en el conflicto que la Asociaci\u00f3n mantiene con la Comunidad como de facilitar un local a la entidad si el Juzgado lleva a cabo el desalojo.<\/span><\/p>\n<p><span>Los socios se quedaron con el reconocimiento un\u00e1nime del Ayuntamiento de Madrid a la labor en el barrio de una de las Asociaciones m\u00e1s antiguas de Madrid, aunque este reconocimiento no evitar\u00eda el desalojo de su sede. <\/span><\/p>\n<p><span>Un bonito epitafio por una muerte, para algunos anunciada.<\/span><\/p>\n<p><span>Y como dijo Groucho Marx: DISCULPEN QUE NO ME LEVANTE.<\/span><\/p>\n","protected":false},"excerpt":{"rendered":"<p>La ma\u00f1ana del 28 de octubre de 2010 en el Ayuntamiento de Madrid se habl\u00f3 de la Asociaci\u00f3n de Vecinos Valle Incl\u00e1n de Prosperidad.<\/p>\n","protected":false},"author":1,"featured_media":28543,"comment_status":"open","ping_status":"open","sticky":false,"template":"","format":"standard","meta":{"footnotes":""},"categories":[26],"tags":[],"class_list":["post-28542","post","type-post","status-publish","format-standard","has-post-thumbnail","hentry","category-nuestro-barrio","sent_by-maria-gainzarain"],"_links":{"self":[{"href":"https:\/\/www.prospereando.es\/index.php\/wp-json\/wp\/v2\/posts\/28542","targetHints":{"allow":["GET"]}}],"collection":[{"href":"https:\/\/www.prospereando.es\/index.php\/wp-json\/wp\/v2\/posts"}],"about":[{"href":"https:\/\/www.prospereando.es\/index.php\/wp-json\/wp\/v2\/types\/post"}],"author":[{"embeddable":true,"href":"https:\/\/www.prospereando.es\/index.php\/wp-json\/wp\/v2\/users\/1"}],"replies":[{"embeddable":true,"href":"https:\/\/www.prospereando.es\/index.php\/wp-json\/wp\/v2\/comments?post=28542"}],"version-history":[{"count":1,"href":"https:\/\/www.prospereando.es\/index.php\/wp-json\/wp\/v2\/posts\/28542\/revisions"}],"predecessor-version":[{"id":28544,"href":"https:\/\/www.prospereando.es\/index.php\/wp-json\/wp\/v2\/posts\/28542\/revisions\/28544"}],"wp:featuredmedia":[{"embeddable":true,"href":"https:\/\/www.prospereando.es\/index.php\/wp-json\/wp\/v2\/media\/28543"}],"wp:attachment":[{"href":"https:\/\/www.prospereando.es\/index.php\/wp-json\/wp\/v2\/media?parent=28542"}],"wp:term":[{"taxonomy":"category","embeddable":true,"href":"https:\/\/www.prospereando.es\/index.php\/wp-json\/wp\/v2\/categories?post=28542"},{"taxonomy":"post_tag","embeddable":true,"href":"https:\/\/www.prospereando.es\/index.php\/wp-json\/wp\/v2\/tags?post=28542"}],"curies":[{"name":"wp","href":"https:\/\/api.w.org\/{rel}","templated":true}]}}