{"id":28526,"date":"2025-10-26T21:05:47","date_gmt":"2025-10-26T20:05:47","guid":{"rendered":"https:\/\/www.prospereando.es\/?p=28526"},"modified":"2025-10-26T21:05:47","modified_gmt":"2025-10-26T20:05:47","slug":"la-calle-mantiene-la-presion-sobre-mazon-miles-de-valencianos-se-manifiestan-un-ano-despues-de-la-dana","status":"publish","type":"post","link":"https:\/\/www.prospereando.es\/index.php\/2025\/10\/26\/la-calle-mantiene-la-presion-sobre-mazon-miles-de-valencianos-se-manifiestan-un-ano-despues-de-la-dana\/","title":{"rendered":"La calle mantiene la presi\u00f3n sobre Maz\u00f3n: miles de valencianos se manifiestan un a\u00f1o despu\u00e9s de la dana"},"content":{"rendered":"<p>M\u00e1s de 50.000 personas, seg\u00fan la Delegaci\u00f3n del Gobierno, participan en Valencia en la decimosegunda manifestaci\u00f3n por la gesti\u00f3n de la dana. <a href=\"https:\/\/elpais.com\/espana\/comunidad-valenciana\/2025-10-25\/miles-de-valencianos-salen-de-nuevo-a-la-calle-para-pedir-la-dimision-de-mazon-un-ano-despues-de-la-dana.html\">Leer m\u00e1s&#8230;<\/a><\/p>\n","protected":false},"excerpt":{"rendered":"<p>M\u00e1s de 50.000 personas, seg\u00fan la Delegaci\u00f3n del Gobierno, participan en Valencia en la decimosegunda manifestaci\u00f3n por la gesti\u00f3n de la dana. Leer m\u00e1s&#8230;<\/p>\n","protected":false},"author":1,"featured_media":0,"comment_status":"open","ping_status":"open","sticky":false,"template":"","format":"standard","meta":{"footnotes":""},"categories":[13],"tags":[],"class_list":["post-28526","post","type-post","status-publish","format-standard","hentry","category-revista-de-prensa","sent_by-ferran-bono"],"_links":{"self":[{"href":"https:\/\/www.prospereando.es\/index.php\/wp-json\/wp\/v2\/posts\/28526","targetHints":{"allow":["GET"]}}],"collection":[{"href":"https:\/\/www.prospereando.es\/index.php\/wp-json\/wp\/v2\/posts"}],"about":[{"href":"https:\/\/www.prospereando.es\/index.php\/wp-json\/wp\/v2\/types\/post"}],"author":[{"embeddable":true,"href":"https:\/\/www.prospereando.es\/index.php\/wp-json\/wp\/v2\/users\/1"}],"replies":[{"embeddable":true,"href":"https:\/\/www.prospereando.es\/index.php\/wp-json\/wp\/v2\/comments?post=28526"}],"version-history":[{"count":1,"href":"https:\/\/www.prospereando.es\/index.php\/wp-json\/wp\/v2\/posts\/28526\/revisions"}],"predecessor-version":[{"id":28527,"href":"https:\/\/www.prospereando.es\/index.php\/wp-json\/wp\/v2\/posts\/28526\/revisions\/28527"}],"wp:attachment":[{"href":"https:\/\/www.prospereando.es\/index.php\/wp-json\/wp\/v2\/media?parent=28526"}],"wp:term":[{"taxonomy":"category","embeddable":true,"href":"https:\/\/www.prospereando.es\/index.php\/wp-json\/wp\/v2\/categories?post=28526"},{"taxonomy":"post_tag","embeddable":true,"href":"https:\/\/www.prospereando.es\/index.php\/wp-json\/wp\/v2\/tags?post=28526"}],"curies":[{"name":"wp","href":"https:\/\/api.w.org\/{rel}","templated":true}]}}