{"id":2841,"date":"2016-08-22T23:20:13","date_gmt":"2016-08-22T23:20:13","guid":{"rendered":"http:\/\/www.prospereando.es\/?p=2841"},"modified":"2016-08-22T23:24:33","modified_gmt":"2016-08-22T23:24:33","slug":"propuestas-de-la-fravm-para-frenar-el-deterioro-de-las-condiciones-de-vida-de-los-madrilenos","status":"publish","type":"post","link":"https:\/\/www.prospereando.es\/index.php\/2016\/08\/22\/propuestas-de-la-fravm-para-frenar-el-deterioro-de-las-condiciones-de-vida-de-los-madrilenos\/","title":{"rendered":"Propuestas de la FRAVM para frenar el deterioro de las condiciones de vida de los madrile\u00f1os"},"content":{"rendered":"<p>Tras analizar con detalle la Encuesta de Condiciones de Vida de 2015 de la Comunidad de Madrid, que arroja una situaci\u00f3n en la que el 21% de la poblaci\u00f3n vive por debajo del umbral de la pobreza y alrededor del 50% de los hogares tiene dificultades para llegar a fin de mes, la FRAVM ha elaborado una bater\u00eda de propuestas destinadas a revertir esta preocupante realidad. Recogidas en un documento que pretende ser el inicio de una l\u00ednea de trabajo y reflexiones sobre el empleo, las pol\u00edticas redistributivas y la pobreza, ser\u00e1n enviadas pr\u00f3ximamente al Gobierno regional.<\/p>\n<p>Tras analizar con detalle la Encuesta de Condiciones de Vida de 2015 de la Comunidad de Madrid, que arroja una situaci\u00f3n en la que el 21% de la poblaci\u00f3n vive por debajo del umbral de la pobreza y alrededor del 50% de los hogares tiene dificultades para llegar a fin de mes, la FRAVM ha elaborado una bater\u00eda de propuestas destinadas a revertir esta preocupante realidad. Recogidas en un documento que pretende ser el inicio de una l\u00ednea de trabajo y reflexiones sobre el empleo, las pol\u00edticas redistributivas y la pobreza, ser\u00e1n enviadas pr\u00f3ximamente al Gobierno regional.<\/p>\n<p>La&nbsp;\u00faltima <span ><strong>Encuesta de Condiciones de Vida (ECV)<\/strong> publicada por el Instituto Nacional de Estad\u00edstica dibuja un escenario poco halag\u00fce\u00f1o para la regi\u00f3n madrile\u00f1a. A pesar de que sigue siendo una de las comunidades aut\u00f3nomas con el nivel de vida m\u00e1s alto (si atendemos a los valores promedio de renta por habitante), en los \u00faltimos a\u00f1os la regi\u00f3n ha sufrido un claro proceso de empobrecimiento e incremento de las desigualdades y de la brecha social. De entrada, el nivel medio de renta de los madrile\u00f1os es hoy menor que en 2008, y&nbsp;<strong>la pobreza afecta ya a m\u00e1s del 21% de la poblaci\u00f3n<\/strong>, un grupo formado por entre 1 mill\u00f3n y 1,3 millones de personas.<\/p>\n<p>\u201cLa cuesti\u00f3n de la pobreza cabe calificarla como muy preocupante por cuanto la brecha entre la media de ingresos de los pobres y el umbral de pobreza es bastante amplia, esto es, el esfuerzo que habr\u00edan de hacer los pobres para salir de esa situaci\u00f3n ser\u00eda muy alto\u201d, puede leerse en el citado estudio, que ha sido elaborado por Vicente P\u00e9rez Quintana, soci\u00f3logo y responsable de Empleo y de Urbanismo y Vivienda de la FRAVM. Con el t\u00edtulo \u201cPrincipales resultados de la ECV de 2015 en la Comunidad de Madrid. Algunas propuestas de la FRAVM a la luz de esos resultados\u201d, el informe aparece como una \u00fatil herramienta para observar la realidad y actuar para cambiarla. Una realidad en la que alrededor de la mitad de los hogares madrile\u00f1os tiene dificultades para llegar a fin de mes y el 44% de la poblaci\u00f3n asegura tener ingresos netos mensuales inferiores a los que necesita. Una realidad en la que, mientras alrededor de&nbsp;<strong>un 30% de las familias madrile\u00f1as sufre cargas de vivienda<\/strong>&nbsp;(sobre todo de alquiler) que superan el 30% de la renta disponible, la oferta de vivienda p\u00fablica no ha dejado de reducirse en los \u00faltimos a\u00f1os y hoy la Comunidad de Madrid es la segunda regi\u00f3n espa\u00f1ola con menor gasto sanitario p\u00fablico per c\u00e1pita.<\/p>\n<p>Ante este panorama, el Estado (\u201clos tres escalones de la Administraci\u00f3n\u201d) tiene, a tenor de P\u00e9rez Quintana, dos prioridades: \u201catender el problema de la pobreza y potenciar el efecto redistributivo de la acci\u00f3n p\u00fablica\u201d. Para ello, el representante de la FRAVM se atreve en su informe a sugerir una serie de propuestas, muchas de las cuales ha defendido el movimiento vecinal en sus 50 a\u00f1os de historia.<\/p>\n<p>As\u00ed, para salir de la crisis buscando el reequilibrio social, ser\u00eda necesario en primer lugar impulsar la \u201cactividad econ\u00f3mica y <strong>un&nbsp;nuevo modelo productivo ecol\u00f3gicamente sostenible<\/strong>\u201d. \u201cEs vital la redefinici\u00f3n de fondo de la estrategia en t\u00e9rminos expansivos, donde el Estado y la preservaci\u00f3n y ampliaci\u00f3n de las conquistas sociales jueguen un papel preponderante\u201d, indica el autor de la Federaci\u00f3n ciudadana, antes de aclarar: \u201cEn varias ocasiones nos hemos referido a este enfoque con una formula sencilla:&nbsp;<em>M\u00e1s Estado y m\u00e1s sociedad civil<\/em>\u201d. Por otra parte, \u201curge sentar los pilares de un nuevo modelo productivo, que rompa con la econom\u00eda de casino y del ladrillo, y que busque los fundamentos de la eficiencia en las nuevas tecnolog\u00edas, la generaci\u00f3n de conocimiento, la protecci\u00f3n del medio ambiente, las energ\u00edas renovables, los servicios a las personas, las actividades industriales&#8230;\u201d.<\/p>\n<p>Otras propuestas tienen que ver con la necesaria promoci\u00f3n del \u201csindicalismo de clase y el tejido social organizado\u201d y, en otro orden de cosas, con el fomento de pol\u00edticas activas de empleo, donde han de jugar un papel muy relevante el tercer sector y la econom\u00eda social.<\/p>\n<p>Por otro lado, con objeto de avanzar hacia el citado reequilibrio social, \u201cdefendemos la existencia de una&nbsp;<strong>renta m\u00ednima garantizada<\/strong>&nbsp;para todos y todas\u201d. Eso s\u00ed, su obtenci\u00f3n &quot;ha de ir pareja a la adquisici\u00f3n por los destinatarios de un compromiso social o comunitario relativo a la escolarizaci\u00f3n de los menores, la participaci\u00f3n sistem\u00e1tica en pr\u00e1cticas de inserci\u00f3n laboral para la poblaci\u00f3n en edad de trabajar, la implicaci\u00f3n en acciones de mejora del medio y el tejido social&#8230; Este compromiso, entre otros objetivos, persigue prevenir y, en su caso, cortar din\u00e1micas de cronificaci\u00f3n de la pobreza y guetizaci\u00f3n; pero, al mismo tiempo, no puede ser u operar como una especie de dispositivo de control social y de invasi\u00f3n por la administraci\u00f3n de la vida privada\u201d, sostiene P\u00e9rez Quintana.<\/p>\n<p>Adem\u00e1s, sugiere proteger el ahorro de las familias para evitar m\u00e1s casos como el de las Preferentes, \u201cgravar las herencias, las transmisiones inter vivos y la propiedad\u201d, luchar activamente contra el fraude fiscal, preservar el patrimonio p\u00fablico, atajar la problem\u00e1tica de los desahucios aplicando las propuestas de la ILP de la Plataforma de Afectados por la Hipoteca y garantizar el mantenimiento del <strong>sistema p\u00fablico de pensiones<\/strong>, entre otras propuestas.<\/p>\n<p>Documento completo <a href=\"http:\/\/aavvmadrid.org\/intercambio\/ECV15.pdf\">DOCUMENTO<\/a><\/p>\n<p>Encuesta de la ECV:  <a href=\"http:\/\/www.ine.es\/dyngs\/INEbase\/es\/operacion.htm?c=Estadistica_C&amp;cid=1254736176807&amp;menu=ultiDatos&amp;idp=1254735976608\">ENCUESTA<\/a><\/p>\n","protected":false},"excerpt":{"rendered":"<p>Tras analizar con detalle la Encuesta de Condiciones de Vida de 2015 de la Comunidad de Madrid, que arroja una situaci\u00f3n en la que el 21% de la poblaci\u00f3n vive por debajo del umbral de la pobreza y alrededor del 50% de los hogares tiene dificultades para llegar a fin de mes, la FRAVM ha elaborado una bater\u00eda de propuestas destinadas a revertir esta preocupante realidad. Recogidas en un documento que pretende ser el inicio de una l\u00ednea de trabajo y reflexiones sobre el empleo, las pol\u00edticas redistributivas y la pobreza, ser\u00e1n enviadas pr\u00f3ximamente al Gobierno regional.<\/p>\n","protected":false},"author":1,"featured_media":0,"comment_status":"closed","ping_status":"open","sticky":false,"template":"","format":"standard","meta":{"footnotes":""},"categories":[14],"tags":[],"class_list":["post-2841","post","type-post","status-publish","format-standard","hentry","category-ciudadania"],"_links":{"self":[{"href":"https:\/\/www.prospereando.es\/index.php\/wp-json\/wp\/v2\/posts\/2841","targetHints":{"allow":["GET"]}}],"collection":[{"href":"https:\/\/www.prospereando.es\/index.php\/wp-json\/wp\/v2\/posts"}],"about":[{"href":"https:\/\/www.prospereando.es\/index.php\/wp-json\/wp\/v2\/types\/post"}],"author":[{"embeddable":true,"href":"https:\/\/www.prospereando.es\/index.php\/wp-json\/wp\/v2\/users\/1"}],"replies":[{"embeddable":true,"href":"https:\/\/www.prospereando.es\/index.php\/wp-json\/wp\/v2\/comments?post=2841"}],"version-history":[{"count":0,"href":"https:\/\/www.prospereando.es\/index.php\/wp-json\/wp\/v2\/posts\/2841\/revisions"}],"wp:attachment":[{"href":"https:\/\/www.prospereando.es\/index.php\/wp-json\/wp\/v2\/media?parent=2841"}],"wp:term":[{"taxonomy":"category","embeddable":true,"href":"https:\/\/www.prospereando.es\/index.php\/wp-json\/wp\/v2\/categories?post=2841"},{"taxonomy":"post_tag","embeddable":true,"href":"https:\/\/www.prospereando.es\/index.php\/wp-json\/wp\/v2\/tags?post=2841"}],"curies":[{"name":"wp","href":"https:\/\/api.w.org\/{rel}","templated":true}]}}