{"id":2835,"date":"2016-07-03T22:55:30","date_gmt":"2016-07-03T22:55:30","guid":{"rendered":"http:\/\/www.prospereando.es\/?p=2835"},"modified":"2016-07-03T22:55:30","modified_gmt":"2016-07-03T22:55:30","slug":"el-interregno-un-documental-sobre-la-lucha-de-los-trabajadores-de-sintel","status":"publish","type":"post","link":"https:\/\/www.prospereando.es\/index.php\/2016\/07\/03\/el-interregno-un-documental-sobre-la-lucha-de-los-trabajadores-de-sintel\/","title":{"rendered":"El Interregno. Un documental sobre la lucha de los trabajadores de Sintel"},"content":{"rendered":"<\/p>\n<p>El pasado Mayo de 2016 se proyect\u00f3, en el local de la Asociaci\u00f3n de vecinos Valle-Incl\u00e1n de Prosperidad, el documental \u00abEl Interregno\u00bb, sobre la lucha que los trabajadores de Sintel mantuvieron desde 2001. A diferencia de los otros 5 documentales anteriores, dos de ellos premiados (Goya y Seminci), este documental est\u00e1 realizado por los propios trabajadores de Sintel e incluye, en su totalidad, la historia secuencial del conflicto hasta su resoluci\u00f3n.<\/p>\n<p>Asistieron al evento varios extrabajadores de Sintel, entre ellos el director de la pel\u00edcula y Adolfo Jim\u00e9nez, l\u00edder sindical de aquella lucha, que respondieron a las preguntas de los asistentes en el debate que se abri\u00f3 a continuaci\u00f3n. <\/p>\n<p>Es una pel\u00edcula realizada sin \u00e1nimo de lucro. Para los que est\u00e9n interesados, se encuentra en youtube<br \/>\n<a href=\"https:\/\/www.youtube.com\/watch?v=UvW1JT2TzXg\">SINTEL<\/a>. Se puede descargar y proyectar libremente.<\/p>\n","protected":false},"excerpt":{"rendered":"<p>El pasado Mayo de 2016 se proyect\u00f3, en el local de la Asociaci\u00f3n de vecinos Valle-Incl\u00e1n de Prosperidad, el documental \u00abEl Interregno\u00bb, sobre la lucha que los trabajadores de Sintel mantuvieron desde 2001.<\/p>\n","protected":false},"author":1,"featured_media":0,"comment_status":"closed","ping_status":"open","sticky":false,"template":"","format":"standard","meta":{"footnotes":""},"categories":[9],"tags":[],"class_list":["post-2835","post","type-post","status-publish","format-standard","hentry","category-trabajo","sent_by-victor-j-ruiz"],"_links":{"self":[{"href":"https:\/\/www.prospereando.es\/index.php\/wp-json\/wp\/v2\/posts\/2835","targetHints":{"allow":["GET"]}}],"collection":[{"href":"https:\/\/www.prospereando.es\/index.php\/wp-json\/wp\/v2\/posts"}],"about":[{"href":"https:\/\/www.prospereando.es\/index.php\/wp-json\/wp\/v2\/types\/post"}],"author":[{"embeddable":true,"href":"https:\/\/www.prospereando.es\/index.php\/wp-json\/wp\/v2\/users\/1"}],"replies":[{"embeddable":true,"href":"https:\/\/www.prospereando.es\/index.php\/wp-json\/wp\/v2\/comments?post=2835"}],"version-history":[{"count":0,"href":"https:\/\/www.prospereando.es\/index.php\/wp-json\/wp\/v2\/posts\/2835\/revisions"}],"wp:attachment":[{"href":"https:\/\/www.prospereando.es\/index.php\/wp-json\/wp\/v2\/media?parent=2835"}],"wp:term":[{"taxonomy":"category","embeddable":true,"href":"https:\/\/www.prospereando.es\/index.php\/wp-json\/wp\/v2\/categories?post=2835"},{"taxonomy":"post_tag","embeddable":true,"href":"https:\/\/www.prospereando.es\/index.php\/wp-json\/wp\/v2\/tags?post=2835"}],"curies":[{"name":"wp","href":"https:\/\/api.w.org\/{rel}","templated":true}]}}