{"id":28197,"date":"2025-09-03T19:36:43","date_gmt":"2025-09-03T17:36:43","guid":{"rendered":"https:\/\/www.prospereando.es\/?p=28197"},"modified":"2025-09-03T19:36:43","modified_gmt":"2025-09-03T17:36:43","slug":"la-jueza-de-la-dana-investiga-las-alertas-rojas-emitidas-por-la-generalitat-en-diez-anos","status":"publish","type":"post","link":"https:\/\/www.prospereando.es\/index.php\/2025\/09\/03\/la-jueza-de-la-dana-investiga-las-alertas-rojas-emitidas-por-la-generalitat-en-diez-anos\/","title":{"rendered":"La jueza de la dana investiga las alertas rojas emitidas por la Generalitat en diez a\u00f1os"},"content":{"rendered":"<p>La magistrada indaga cu\u00e1ntos dispositivos de emergencias se han convocado en la \u00faltima d\u00e9cada. <a href=\"https:\/\/elpais.com\/espana\/comunidad-valenciana\/2025-09-03\/la-jueza-de-la-dana-investiga-las-alertas-rojas-emitidas-por-la-generalitat-en-diez-anos.html\">Leer m\u00e1s&#8230;<\/a><\/p>\n","protected":false},"excerpt":{"rendered":"<p>La magistrada indaga cu\u00e1ntos dispositivos de emergencias se han convocado en la \u00faltima d\u00e9cada. Leer m\u00e1s&#8230;<\/p>\n","protected":false},"author":1,"featured_media":0,"comment_status":"open","ping_status":"open","sticky":false,"template":"","format":"standard","meta":{"footnotes":""},"categories":[13],"tags":[],"class_list":["post-28197","post","type-post","status-publish","format-standard","hentry","category-revista-de-prensa","sent_by-joaquin-gil"],"_links":{"self":[{"href":"https:\/\/www.prospereando.es\/index.php\/wp-json\/wp\/v2\/posts\/28197","targetHints":{"allow":["GET"]}}],"collection":[{"href":"https:\/\/www.prospereando.es\/index.php\/wp-json\/wp\/v2\/posts"}],"about":[{"href":"https:\/\/www.prospereando.es\/index.php\/wp-json\/wp\/v2\/types\/post"}],"author":[{"embeddable":true,"href":"https:\/\/www.prospereando.es\/index.php\/wp-json\/wp\/v2\/users\/1"}],"replies":[{"embeddable":true,"href":"https:\/\/www.prospereando.es\/index.php\/wp-json\/wp\/v2\/comments?post=28197"}],"version-history":[{"count":1,"href":"https:\/\/www.prospereando.es\/index.php\/wp-json\/wp\/v2\/posts\/28197\/revisions"}],"predecessor-version":[{"id":28198,"href":"https:\/\/www.prospereando.es\/index.php\/wp-json\/wp\/v2\/posts\/28197\/revisions\/28198"}],"wp:attachment":[{"href":"https:\/\/www.prospereando.es\/index.php\/wp-json\/wp\/v2\/media?parent=28197"}],"wp:term":[{"taxonomy":"category","embeddable":true,"href":"https:\/\/www.prospereando.es\/index.php\/wp-json\/wp\/v2\/categories?post=28197"},{"taxonomy":"post_tag","embeddable":true,"href":"https:\/\/www.prospereando.es\/index.php\/wp-json\/wp\/v2\/tags?post=28197"}],"curies":[{"name":"wp","href":"https:\/\/api.w.org\/{rel}","templated":true}]}}