{"id":28097,"date":"2025-07-19T17:02:34","date_gmt":"2025-07-19T15:02:34","guid":{"rendered":"https:\/\/www.prospereando.es\/?p=28097"},"modified":"2025-07-19T17:04:13","modified_gmt":"2025-07-19T15:04:13","slug":"no-las-vacunas-no-son-la-causa-del-autismo","status":"publish","type":"post","link":"https:\/\/www.prospereando.es\/index.php\/2025\/07\/19\/no-las-vacunas-no-son-la-causa-del-autismo\/","title":{"rendered":"No, las vacunas no son la causa del autismo"},"content":{"rendered":"<p><img loading=\"lazy\" decoding=\"async\" class=\" wp-image-28099 aligncenter\" src=\"http:\/\/www.prospereando.es\/wp-content\/uploads\/2025\/07\/vacunas1-300x200.jpg\" alt=\"\" width=\"493\" height=\"328\" srcset=\"https:\/\/www.prospereando.es\/wp-content\/uploads\/2025\/07\/vacunas1-300x200.jpg 300w, https:\/\/www.prospereando.es\/wp-content\/uploads\/2025\/07\/vacunas1-1024x683.jpg 1024w, https:\/\/www.prospereando.es\/wp-content\/uploads\/2025\/07\/vacunas1-768x512.jpg 768w, https:\/\/www.prospereando.es\/wp-content\/uploads\/2025\/07\/vacunas1.jpg 1299w\" sizes=\"auto, (max-width: 493px) 100vw, 493px\" \/><\/p>\n<p>Un estudio reciente sugiere que, a pesar de que los programas de vacunaci\u00f3n han prevenido m\u00e1s de 154millones de muertes infantiles en los \u00faltimos cincuenta a\u00f1os, la cobertura vacunal mundial se ha atasc\u00a0 o incluso empeorado. Una de las razones tiene que ver con la desinformaci\u00f3n y la desconfianza hacia la vacunaci\u00f3n. Incluso ya se pone en duda uno de los objetivos de la Agenda de Inmunizaci\u00f3n: conseguir reducir a la mitad el n\u00famero de ni\u00f1os sin ninguna dosis de vacuna para 2030.<\/p>\n<p><strong>Autismo y vacuna contra el sarampi\u00f3n, las paperas y la rub\u00e9ola<\/strong><\/p>\n<p>El trastorno del espectro autista es un grupo heterog\u00e9neo de trastornos del neurodesarrollo caracterizados por alteraciones en la interacci\u00f3n social, d\u00e9ficits en la comunicaci\u00f3n verbal y no verbal y patrones restringidos, repetitivos y estereotipados de comportamiento. El t\u00e9rmino incluye el autismo, el trastorno<br \/>\nde Asperger y el trastorno generalizado del desarrollo.<\/p>\n<p>Uno de los grandes problemas es su heterogeneidad cl\u00ednica; de hecho, puede considerarse un caj\u00f3n de sastre donde se agrupan numerosos s\u00edndromes cl\u00ednicos, cuyos s\u00edntomas suelen aparecer mayoritariamente<br \/>\nal a\u00f1o y medio de edad. Las causas se desconocen y existe un intenso debate y mucha investigaci\u00f3n al respecto. Influyen varios factores, desde gen\u00e9ticos, neurol\u00f3gicos y bioqu\u00edmicos hasta ambientales.<\/p>\n<p>La coincidencia en la edad en la que aparecen los s\u00edntomas y en la que se administran las vacunas ha hecho que se relacionen ambos hechos sin ning\u00fan fundamento cient\u00edfico, en dos escenarios: vinculando el autismo con la vacuna contra el sarampi\u00f3n, las paperas y la rub\u00e9ola (SPR), y con el timerosal y el aluminio, conservantes que se a\u00f1aden en algunas inmunizaciones.<\/p>\n<p>Respecto a la vacuna SPR, la pol\u00e9mica comenz\u00f3 en 1998 cuando el m\u00e9dico Andrew J. Wakefield sugiri\u00f3 una posible relaci\u00f3n entre esa inmunizaci\u00f3n y el autismo. La noticia se difundi\u00f3 en todos los medios de comunicaci\u00f3n, cundi\u00f3 el p\u00e1nico y se redujeron dr\u00e1sticamente las coberturas vacunales en muchos pa\u00edses.<\/p>\n<p>Sin embargo, se acab\u00f3 demostrando que Wakefield hab\u00eda cometido fraude cient\u00edfico al falsificar datos: fue probado que algunos ni\u00f1os ya ten\u00edan s\u00edntomas neurol\u00f3gicos antes de ponerles la vacuna; algunos s\u00edntomas aparecieron varios meses despu\u00e9s de la vacunaci\u00f3n, por lo que no se pod\u00eda demostrar la relaci\u00f3n directa entre ambos hechos; y los pacientes del estudio hab\u00edan sido reclutados durante una campa\u00f1a<br \/>\nantivacunaci\u00f3n. Wakefield fue expulsado del registro de m\u00e9dico de Gran Breta\u00f1a.<\/p>\n<p>Posteriormente, se realizaron gran cantidad de estudios con el objetivo de evaluar la seguridad de la vacuna. En ninguno de ellos se ha encontrado nunca una relaci\u00f3n con el autismo. Por ejemplo, en 2014 se revisaron m\u00e1s de mil trabajos cient\u00edficos en los que hab\u00edan participado cerca de 1,3 millones de ni\u00f1os en Reino Unido, Jap\u00f3n, Polonia, Dinamarca y Estados Unidos. Los resultados sugieren que entre los gruposde ni\u00f1os vacunados el riesgo de autismo ser\u00eda inferior.<\/p>\n<p>A\u00f1os m\u00e1s tarde, en 2021, se public\u00f3 una revisi\u00f3n exhaustiva de m\u00e1s de 56 000 art\u00edculos cuyas conclusiones confirmaban lo que ya se hab\u00eda publicado con anterioridad: no existe evidencia alguna de<br \/>\nrelaci\u00f3n entre las vacunas y el autismo y otros eventos adversos graves.<\/p>\n<p><strong>El timerosal y el aluminio de las vacunas<\/strong><\/p>\n<p>El timerosal (o tiomersal) es un derivado del mercurio de muy baja toxicidad y con gran poder antis\u00e9ptico y antif\u00fangico. Este compuesto org\u00e1nico contiene etilmercurio, empleado como conservante en algunas vacunas para prevenir el crecimiento de microorganismos que las puedan contaminar. Tambi\u00e9n se usa en otros productos m\u00e9dicos como preparaciones de inmunoglobulinas, ant\u00edgenos para diagnosis de alergias, antisueros y productos nasales y oft\u00e1lmicos.<\/p>\n<p>No todas las vacunas llevan timerosal. \u00danicamente las modalidades en formato multidosis contienen dosis muy bajas para asegurar que se conservan de manera adecuada, evitando que crezcan bacterias u hongos.<\/p>\n<p>La preocupaci\u00f3n por el mercurio surgi\u00f3 a partir de las intoxicaciones por metilmercurio en el pescado, un compuesto neurot\u00f3xico capaz de concentrarse en el organismo y de pasar por la cadena alimentaria. Pero el etilmercurio del timerosal no es lo mismo que el metilmercurio, ya que el primero no se acumula en el organismo y se elimina r\u00e1pidamente.<\/p>\n<p>Su baja toxicidad se puso en evidencia tras utilizarlo para tratar la meningitis durante una fuerte epidemia ocurrida en Indiana (Estados Unidos) en 1929, cuando todav\u00eda no hab\u00eda antibi\u00f3ticos. El timerosal no<br \/>\nfuncion\u00f3 como m\u00e9todo curativo de la meningitis, pero ya entonces qued\u00f3 clara su inocuidad en dosis 10 000 veces superior a la que conten\u00edan las vacunas. Hay una s\u00f3lida evidencia de que los ni\u00f1os autistas tienen los mismos niveles de mercurio que los no autistas.<\/p>\n<p>Respecto al aluminio, ahora se acaba de publicar otro estudio para dilucidar si la exposici\u00f3n acumulada a este compuesto contenido en las vacunas administradas durante los primeros 2 a\u00f1os de vida est\u00e1 asociada con el desarrollo posterior de enfermedades autoinmunes, al\u00e9rgicas o neurol\u00f3gicas, como el autismo.<\/p>\n<p>Bas\u00e1ndose en los datos de todos los ni\u00f1os nacidos vivos en Dinamarca entre el 1 de enero de 1997 y el 31 de diciembre de 2018, los investigadores estudiaron la cantidad total de aluminio recibida a trav\u00e9s de las vacunas (difteria, t\u00e9tanos, tos ferina acelular, polio inactivado, Hib, neumococo) hasta los 2 a\u00f1os e hicieron un seguimiento hasta los 5 a\u00f1os de edad.<\/p>\n<p>Pues bien, no se encontr\u00f3 ninguna asociaci\u00f3n entre la exposici\u00f3n acumulada al aluminio por las vacunasen los primeros a\u00f1os de vida y el riesgo de desarrollar enfermedades autoinmunes, at\u00f3picas\/al\u00e9rgicas o trastornos del neurodesarrollo. Este estudio proporciona una evidencia poblacional s\u00f3lida y bien controlada para refutar preocupaciones infundadas sobre que las vacunas con aluminio causen autismo u otras enfermedades cr\u00f3nicas.<\/p>\n<p>En conclusi\u00f3n, existe una extensa y s\u00f3lida evidencia epidemiol\u00f3gica respecto a la ausencia de relaci\u00f3n entre las vacunas, el timerosal, el aluminio y la prevalencia de autismo en la poblaci\u00f3n. Las vacunas son<br \/>\nlos medicamentos m\u00e1s regulados, vigilados y seguros, y constituyen la mejor estrategia para prevenir enfermedades que pueden llegar a ser mortales.<\/p>\n<p>La versi\u00f3n original de este art\u00edculo fue publicada en el blog del autor, microBIO.<\/p>\n<p>Por Ignacio L\u00f3pez-Go\u00f1i, Catedr\u00e1tico de Microbiolog\u00eda. Miembro de la Sociedad Espa\u00f1ola de Microbiolog\u00eda (SEM), Universidad de Navarra<\/p>\n<p>&nbsp;<\/p>\n<p>&nbsp;<\/p>\n<p>&nbsp;<\/p>\n<p>&nbsp;<\/p>\n","protected":false},"excerpt":{"rendered":"<p>Un estudio reciente sugiere que, a pesar de que los programas de vacunaci\u00f3n han prevenido m\u00e1s de 154millones de muertes infantiles en los \u00faltimos cincuenta a\u00f1os, la cobertura vacunal mundial se ha atasc\u00a0 o incluso empeorado. Una de las razones tiene que ver con la desinformaci\u00f3n y la desconfianza hacia la vacunaci\u00f3n.<\/p>\n","protected":false},"author":1,"featured_media":28099,"comment_status":"open","ping_status":"open","sticky":false,"template":"","format":"standard","meta":{"footnotes":""},"categories":[11],"tags":[],"class_list":["post-28097","post","type-post","status-publish","format-standard","has-post-thumbnail","hentry","category-sanidad","sent_by-ignacio-lopez-goni"],"_links":{"self":[{"href":"https:\/\/www.prospereando.es\/index.php\/wp-json\/wp\/v2\/posts\/28097","targetHints":{"allow":["GET"]}}],"collection":[{"href":"https:\/\/www.prospereando.es\/index.php\/wp-json\/wp\/v2\/posts"}],"about":[{"href":"https:\/\/www.prospereando.es\/index.php\/wp-json\/wp\/v2\/types\/post"}],"author":[{"embeddable":true,"href":"https:\/\/www.prospereando.es\/index.php\/wp-json\/wp\/v2\/users\/1"}],"replies":[{"embeddable":true,"href":"https:\/\/www.prospereando.es\/index.php\/wp-json\/wp\/v2\/comments?post=28097"}],"version-history":[{"count":2,"href":"https:\/\/www.prospereando.es\/index.php\/wp-json\/wp\/v2\/posts\/28097\/revisions"}],"predecessor-version":[{"id":28100,"href":"https:\/\/www.prospereando.es\/index.php\/wp-json\/wp\/v2\/posts\/28097\/revisions\/28100"}],"wp:featuredmedia":[{"embeddable":true,"href":"https:\/\/www.prospereando.es\/index.php\/wp-json\/wp\/v2\/media\/28099"}],"wp:attachment":[{"href":"https:\/\/www.prospereando.es\/index.php\/wp-json\/wp\/v2\/media?parent=28097"}],"wp:term":[{"taxonomy":"category","embeddable":true,"href":"https:\/\/www.prospereando.es\/index.php\/wp-json\/wp\/v2\/categories?post=28097"},{"taxonomy":"post_tag","embeddable":true,"href":"https:\/\/www.prospereando.es\/index.php\/wp-json\/wp\/v2\/tags?post=28097"}],"curies":[{"name":"wp","href":"https:\/\/api.w.org\/{rel}","templated":true}]}}