{"id":27633,"date":"2025-05-13T21:28:00","date_gmt":"2025-05-13T19:28:00","guid":{"rendered":"https:\/\/www.prospereando.es\/?p=27633"},"modified":"2025-05-13T21:28:00","modified_gmt":"2025-05-13T19:28:00","slug":"feijoo-reabre-el-debate-sobre-el-rumbo-ideologico-del-pp","status":"publish","type":"post","link":"https:\/\/www.prospereando.es\/index.php\/2025\/05\/13\/feijoo-reabre-el-debate-sobre-el-rumbo-ideologico-del-pp\/","title":{"rendered":"Feij\u00f3o reabre el debate sobre el rumbo ideol\u00f3gico del PP"},"content":{"rendered":"<p>El ala moderada teme un giro conservador en un c\u00f3nclave al que el PP acude dividido sobre Vox, el aborto o el modelo de primarias. <a href=\"https:\/\/elpais.com\/espana\/2025-05-13\/feijoo-reabre-el-debate-sobre-el-rumbo-ideologico-del-pp.html\">Leer  mas&#8230;<\/a><\/p>\n","protected":false},"excerpt":{"rendered":"<p>El ala moderada teme un giro conservador en un c\u00f3nclave al que el PP acude dividido sobre Vox, el aborto o el modelo de primarias. Leer mas&#8230;<\/p>\n","protected":false},"author":1,"featured_media":0,"comment_status":"open","ping_status":"open","sticky":false,"template":"","format":"standard","meta":{"footnotes":""},"categories":[13],"tags":[],"class_list":["post-27633","post","type-post","status-publish","format-standard","hentry","category-revista-de-prensa","sent_by-elsa-garcia-de-blas"],"_links":{"self":[{"href":"https:\/\/www.prospereando.es\/index.php\/wp-json\/wp\/v2\/posts\/27633","targetHints":{"allow":["GET"]}}],"collection":[{"href":"https:\/\/www.prospereando.es\/index.php\/wp-json\/wp\/v2\/posts"}],"about":[{"href":"https:\/\/www.prospereando.es\/index.php\/wp-json\/wp\/v2\/types\/post"}],"author":[{"embeddable":true,"href":"https:\/\/www.prospereando.es\/index.php\/wp-json\/wp\/v2\/users\/1"}],"replies":[{"embeddable":true,"href":"https:\/\/www.prospereando.es\/index.php\/wp-json\/wp\/v2\/comments?post=27633"}],"version-history":[{"count":1,"href":"https:\/\/www.prospereando.es\/index.php\/wp-json\/wp\/v2\/posts\/27633\/revisions"}],"predecessor-version":[{"id":27634,"href":"https:\/\/www.prospereando.es\/index.php\/wp-json\/wp\/v2\/posts\/27633\/revisions\/27634"}],"wp:attachment":[{"href":"https:\/\/www.prospereando.es\/index.php\/wp-json\/wp\/v2\/media?parent=27633"}],"wp:term":[{"taxonomy":"category","embeddable":true,"href":"https:\/\/www.prospereando.es\/index.php\/wp-json\/wp\/v2\/categories?post=27633"},{"taxonomy":"post_tag","embeddable":true,"href":"https:\/\/www.prospereando.es\/index.php\/wp-json\/wp\/v2\/tags?post=27633"}],"curies":[{"name":"wp","href":"https:\/\/api.w.org\/{rel}","templated":true}]}}